{"id":74550,"date":"2024-01-18T10:37:57","date_gmt":"2024-01-18T09:37:57","guid":{"rendered":"https:\/\/zivykraj.cz\/?p=74550"},"modified":"2024-01-18T10:44:08","modified_gmt":"2024-01-18T09:44:08","slug":"asch-as-an-der-spitze-tschechiens","status":"publish","type":"post","link":"https:\/\/zivykraj.cz\/de\/pamatky-blog-de\/asch-as-an-der-spitze-tschechiens\/","title":{"rendered":"Asch (A\u0161) an der Spitze Tschechiens"},"content":{"rendered":"<p><strong>Entdecken Sie das Juwel, das sich in der westlichsten Ecke B\u00f6hmens verbirgt. Ein Ort, an dem sich die tschechische und die deutsche Kultur seit jeher begegnen. Ein Ort, an dem J.W.Goethe h\u00e4ufig Station machte, aber auch eine lange Tradition der Textilindustrie. Ein Ort mit vielen einzigartigen Sch\u00e4tzen, sei es eine gro\u00dfe Sammlung von Handschuhen oder die einzige Statue von Martin Luther in unserem Land. Lassen Sie sich von der Aussicht auf die Landschaft von dem fabelhaften steinernen Aussichtsturm auf dem nahe gelegenen H\u00fcgel H\u00e1j verzaubern. Machen Sie einen Ausflug auf den Spuren verschwundener Grenzd\u00f6rfer und besuchen Sie den westlichsten Punkt unseres Landes. Finden Sie heraus, wo die Tschechische Republik beginnt.<\/strong><\/p>\n<div class=\"video-shortcode\"><iframe title=\"A\u0161 na \u0161pi\u010dce \u010cesk\u00e9 republiky \ud83d\udc99\" width=\"1160\" height=\"653\" src=\"https:\/\/www.youtube.com\/embed\/YLnPltr4IE0?feature=oembed\" frameborder=\"0\" allow=\"accelerometer; autoplay; clipboard-write; encrypted-media; gyroscope; picture-in-picture\" allowfullscreen><\/iframe><\/div>\n<p><strong>Zentrum<\/strong><\/p>\n<p><strong>\u00a0<\/strong><\/p>\n<p>Obwohl die Stadt in der Vergangenheit von mehreren Br\u00e4nden heimgesucht wurde und viele Denkm\u00e4ler niedergebrannt sind, hat das Stadtzentrum immer noch viel zu bieten. Das sch\u00f6ne barocke Rathaus zum Beispiel steht auf dem Hus-Platz und wurde aufgrund von Br\u00e4nden mehrmals wieder aufgebaut. In der N\u00e4he der Neorenaissance-Kirche St. Nikolaus befindet sich das Geb\u00e4ude des Ethnografischen und <a href=\"https:\/\/www.muzeum-as.cz\/\">Textilmuseums<\/a>, das an der Stelle des ausgebrannten Schlosses Zedtwitz auf dem Mikul\u00e1\u0161-Berg errichtet wurde. Die Sammlung von etwa 25.000 Handschuhen ist weltweit einzigartig. Begeisterte Reisende in die Tschechische Republik werden sich jedoch viel mehr f\u00fcr die zweite Abteilung des Museums interessieren.<\/p>\n<p>Es handelt sich um eine Registrierung von Steinkreuzen, g\u00f6ttlichen M\u00e4rtyrern, S\u00fchnekreuzen und Steinen aus der ganzen Tschechischen Republik, verbunden mit der Kartierung von Grenz- und Grenzsteinen in der Region A\u0161. In der Region A\u0161 finden Sie viele Vers\u00f6hnungskreuze, aber auch eine Reihe von Denkm\u00e4lern und Gedenksteinen. Sehenswert ist auch die lebensgro\u00dfe Bronzestatue des Kirchenreformators Martin Luther, die einzige im Lande. Eine weitere Sehensw\u00fcrdigkeit ist die Steinbr\u00fccke, die 1724 erbaut wurde und das \u00e4lteste Bauwerk in A\u0161 ist. Fr\u00fcher verband sie den alten und den neuen Friedhof, doch heute ist sie leider nicht mehr funktionsf\u00e4hig.<\/p>\n<p>&nbsp;<\/p>\n<p><img decoding=\"async\" class=\"lazyload aligncenter size-large wp-image-65187\" src=\"https:\/\/zivykraj.cz\/wp-content\/uploads\/2022\/08\/DSC07108-1024x683.jpg\" data-orig-src=\"https:\/\/zivykraj.cz\/wp-content\/uploads\/2022\/08\/DSC07108-1024x683.jpg\" alt=\"\" width=\"1024\" height=\"683\" srcset=\"data:image\/svg+xml,%3Csvg%20xmlns%3D%27http%3A%2F%2Fwww.w3.org%2F2000%2Fsvg%27%20width%3D%271024%27%20height%3D%27683%27%20viewBox%3D%270%200%201024%20683%27%3E%3Crect%20width%3D%271024%27%20height%3D%27683%27%20fill-opacity%3D%220%22%2F%3E%3C%2Fsvg%3E\" data-srcset=\"https:\/\/zivykraj.cz\/wp-content\/uploads\/2022\/08\/DSC07108-200x133.jpg 200w, https:\/\/zivykraj.cz\/wp-content\/uploads\/2022\/08\/DSC07108-300x200.jpg 300w, https:\/\/zivykraj.cz\/wp-content\/uploads\/2022\/08\/DSC07108-391x260.jpg 391w, https:\/\/zivykraj.cz\/wp-content\/uploads\/2022\/08\/DSC07108-400x267.jpg 400w, https:\/\/zivykraj.cz\/wp-content\/uploads\/2022\/08\/DSC07108-600x400.jpg 600w, https:\/\/zivykraj.cz\/wp-content\/uploads\/2022\/08\/DSC07108-768x512.jpg 768w, https:\/\/zivykraj.cz\/wp-content\/uploads\/2022\/08\/DSC07108-800x533.jpg 800w, https:\/\/zivykraj.cz\/wp-content\/uploads\/2022\/08\/DSC07108-1024x683.jpg 1024w, https:\/\/zivykraj.cz\/wp-content\/uploads\/2022\/08\/DSC07108-1200x800.jpg 1200w, https:\/\/zivykraj.cz\/wp-content\/uploads\/2022\/08\/DSC07108-1536x1024.jpg 1536w\" data-sizes=\"auto\" data-orig-sizes=\"(max-width: 1024px) 100vw, 1024px\" \/><\/p>\n<p><strong>Werfen Sie einen Blick \u00fcber die Grenze<\/strong><\/p>\n<p>Im Ascher L\u00e4ndchen (A\u0161sk\u00fd v\u00fdb\u011b\u017eek), etwa einen Kilometer oberhalb der Stadt, befindet sich der Aussichtsturm <strong>H\u00e1j<\/strong>. Das 34 Meter hohe Bauwerk ist eines der sch\u00f6nsten der Region und wurde 1904 eingeweiht. Wenn man die 122 Stufen hinaufsteigt, hat man einen Blick auf das Erzgebirge, das Duppauer Gebirge, den B\u00f6hmischen Wald, den Kaiserwald und die deutschen Fichtelgebirge (Smr\u010diny). Seit kurzem gibt es eine neue Attraktion auf dem <strong>Bismarck-Aussichtsturm<\/strong>. Ein <strong>Fotopunkt<\/strong> aus Massivholz l\u00e4dt dazu ein, interessante Fotos vom Wahrzeichen der Asch (A\u0161) zu machen.<\/p>\n<p>Der Aussichtsturm auf dem Berg H\u00e1j ist sicherlich nicht der einzige in der Gegend. Liebhaber von Aussichtst\u00fcrmen und Aussichtspunkten werden sich einfach in die Region A\u0161 verlieben. Hier k\u00f6nnen Sie z. B. den Str\u00e1\u017e-Berg, den deutschen Kapellenberg mit einer lokalen Ausstellung, den Kornberg im deutschen Teil von Smr\u010din, die Bismarcksaure &#8211; Markneukirchen, den Wirtsberg-Aussichtsturm namens Igel und \u00f6stlich von Adorf einen h\u00f6lzernen Aussichtsturm mit einem angeschlossenen Restaurant besuchen.<\/p>\n<p>&nbsp;<\/p>\n\n\t\t<style type=\"text\/css\">\n\t\t\t#gallery-1 {\n\t\t\t\tmargin: auto;\n\t\t\t}\n\t\t\t#gallery-1 .gallery-item {\n\t\t\t\tfloat: left;\n\t\t\t\tmargin-top: 10px;\n\t\t\t\ttext-align: center;\n\t\t\t\twidth: 100%;\n\t\t\t}\n\t\t\t#gallery-1 img {\n\t\t\t\tborder: 2px solid #cfcfcf;\n\t\t\t}\n\t\t\t#gallery-1 .gallery-caption {\n\t\t\t\tmargin-left: 0;\n\t\t\t}\n\t\t\t\/* see gallery_shortcode() in wp-includes\/media.php *\/\n\t\t<\/style>\n\t\t<div id='gallery-1' class='gallery galleryid-74550 gallery-columns-1 gallery-size-fusion-800'><dl class='gallery-item'>\n\t\t\t<dt class='gallery-icon portrait'>\n\t\t\t\t<a data-rel=\"iLightbox[postimages]\" data-title=\"1VS03933-2\" data-caption=\"\" href='https:\/\/zivykraj.cz\/de\/1vs03933-2-2\/'><img decoding=\"async\" width=\"800\" height=\"1199\" src=\"https:\/\/zivykraj.cz\/wp-content\/uploads\/2022\/08\/1VS03933-2-800x1199.jpg\" class=\"attachment-fusion-800 size-fusion-800 lazyload\" alt=\"\" srcset=\"data:image\/svg+xml,%3Csvg%20xmlns%3D%27http%3A%2F%2Fwww.w3.org%2F2000%2Fsvg%27%20width%3D%271414%27%20height%3D%272120%27%20viewBox%3D%270%200%201414%202120%27%3E%3Crect%20width%3D%271414%27%20height%3D%272120%27%20fill-opacity%3D%220%22%2F%3E%3C%2Fsvg%3E\" data-orig-src=\"https:\/\/zivykraj.cz\/wp-content\/uploads\/2022\/08\/1VS03933-2-800x1199.jpg\" data-srcset=\"https:\/\/zivykraj.cz\/wp-content\/uploads\/2022\/08\/1VS03933-2-200x300.jpg 200w, https:\/\/zivykraj.cz\/wp-content\/uploads\/2022\/08\/1VS03933-2-400x600.jpg 400w, https:\/\/zivykraj.cz\/wp-content\/uploads\/2022\/08\/1VS03933-2-600x900.jpg 600w, https:\/\/zivykraj.cz\/wp-content\/uploads\/2022\/08\/1VS03933-2-683x1024.jpg 683w, https:\/\/zivykraj.cz\/wp-content\/uploads\/2022\/08\/1VS03933-2-768x1151.jpg 768w, https:\/\/zivykraj.cz\/wp-content\/uploads\/2022\/08\/1VS03933-2-800x1199.jpg 800w, https:\/\/zivykraj.cz\/wp-content\/uploads\/2022\/08\/1VS03933-2-1024x1536.jpg 1024w, https:\/\/zivykraj.cz\/wp-content\/uploads\/2022\/08\/1VS03933-2-1200x1799.jpg 1200w, https:\/\/zivykraj.cz\/wp-content\/uploads\/2022\/08\/1VS03933-2-1366x2048.jpg 1366w, https:\/\/zivykraj.cz\/wp-content\/uploads\/2022\/08\/1VS03933-2.jpg 1414w\" data-sizes=\"auto\" \/><\/a>\n\t\t\t<\/dt><\/dl><br style=\"clear: both\" \/>\n\t\t<\/div>\n\n<p><strong>Der westlichste Punkt<\/strong><\/p>\n<p>Wenn es etwas gibt, das man bei einem Besuch der westlichsten Stadt der Tschechischen Republik nicht verpassen darf, dann ist es der westlichste Punkt unseres Landes. Er liegt in einer abgelegenen Ecke des Naturparks Fichtelberg (Smr\u010diny), in der N\u00e4he der ausgestorbenen Siedlung \u00dajezd, etwa 9 km von A\u0161 entfernt. Der Ort ist durch den westlichsten tschechischen Grenzstein aus dem Jahr 1844 gekennzeichnet. Es gibt auch einen Pylon mit einer GPS-Markierung dieses Ortes und einen gem\u00fctlichen Pavillon, der zu einer Rast einl\u00e4dt.<\/p>\n<p>&nbsp;<\/p>\n<p><img decoding=\"async\" class=\"lazyload aligncenter size-large wp-image-65191\" src=\"https:\/\/zivykraj.cz\/wp-content\/uploads\/2022\/08\/DSC07358-1024x683.jpg\" data-orig-src=\"https:\/\/zivykraj.cz\/wp-content\/uploads\/2022\/08\/DSC07358-1024x683.jpg\" alt=\"\" width=\"1024\" height=\"683\" srcset=\"data:image\/svg+xml,%3Csvg%20xmlns%3D%27http%3A%2F%2Fwww.w3.org%2F2000%2Fsvg%27%20width%3D%271024%27%20height%3D%27683%27%20viewBox%3D%270%200%201024%20683%27%3E%3Crect%20width%3D%271024%27%20height%3D%27683%27%20fill-opacity%3D%220%22%2F%3E%3C%2Fsvg%3E\" data-srcset=\"https:\/\/zivykraj.cz\/wp-content\/uploads\/2022\/08\/DSC07358-200x133.jpg 200w, https:\/\/zivykraj.cz\/wp-content\/uploads\/2022\/08\/DSC07358-300x200.jpg 300w, https:\/\/zivykraj.cz\/wp-content\/uploads\/2022\/08\/DSC07358-391x260.jpg 391w, https:\/\/zivykraj.cz\/wp-content\/uploads\/2022\/08\/DSC07358-400x267.jpg 400w, https:\/\/zivykraj.cz\/wp-content\/uploads\/2022\/08\/DSC07358-600x400.jpg 600w, https:\/\/zivykraj.cz\/wp-content\/uploads\/2022\/08\/DSC07358-768x512.jpg 768w, https:\/\/zivykraj.cz\/wp-content\/uploads\/2022\/08\/DSC07358-800x533.jpg 800w, https:\/\/zivykraj.cz\/wp-content\/uploads\/2022\/08\/DSC07358-1024x683.jpg 1024w, https:\/\/zivykraj.cz\/wp-content\/uploads\/2022\/08\/DSC07358-1200x800.jpg 1200w, https:\/\/zivykraj.cz\/wp-content\/uploads\/2022\/08\/DSC07358-1536x1024.jpg 1536w\" data-sizes=\"auto\" data-orig-sizes=\"(max-width: 1024px) 100vw, 1024px\" \/><\/p>\n<p><strong>Zu Fu\u00df oder mit dem Fahrrad<\/strong><\/p>\n<p><strong>\u00a0<\/strong><\/p>\n<p>Die Region Asch (A\u0161) verf\u00fcgt \u00fcber eines der dichtesten <a href=\"https:\/\/www.kr-karlovarsky.cz\/cyklo\/cyklotrasy\/as\/Stranky\/Assko.aspx\">Netze markierter Radwege<\/a> in der Region Karlovy Vary mit fast hundertf\u00fcnfzig Kilometern an Radwegen. Wenn Sie einen dieser Wege benutzen, werden Sie die reizvolle Natur von Fichtelgebirge (Smr\u010diny) und einige der aus der Vergangenheit erhaltenen Denkm\u00e4ler sehen.\u00a0 Die Region nutzt ihre nat\u00fcrlichen Attraktionen auch f\u00fcr die Entwicklung des Tourismus. A\u0161 und seine Umgebung sind von <a href=\"https:\/\/www.info-as.cz\/aktivity-cyklistika\/3\">Wanderwegen<\/a> durchzogen, die mit vier Farben gekennzeichnet sind &#8211; blau, rot, gr\u00fcn und gelb. Der blaue Wanderweg f\u00fchrt zu beliebten Touristenattraktionen wie der Burg Seeberg, dem Goethefelsen oder dem Aussichtsturm auf dem Berg H\u00e1j. Der Rote Weg f\u00fchrt Sie \u00fcber die Burg Liebenstein (Lib\u00e1) zum Dreil\u00e4ndereck B\u00f6hmen, Bayern und Sachsen. Wenn Sie den gr\u00fcnen Weg nehmen, erreichen Sie die Mineralquelle in Niederreuth (Doln\u00ed Paseky), wo der gr\u00fcne Weg auf den gelben Weg trifft, der Sie wiederum zum Beispiel zum Grenz\u00fcbergang Gr\u00fcn (Doubrava) f\u00fchrt. Nach einer ausgiebigen Wanderung k\u00f6nnen Sie zum Beispiel im neuen <a href=\"https:\/\/www.smrciny.cz\/bistro-fichtl\/\">Bistro Fichtl<\/a> im Dorf Wernersreuth (Vern\u00e9\u0159ov) einkehren. Das einst\u00f6ckige Holzgeb\u00e4ude mit begr\u00fcntem Flachdach befindet sich an der Kreuzung von Wander- und Radwegen, genau richtig f\u00fcr eine gem\u00fctliche Einkehr bei einem guten Kaffee oder einer kleinen Mahlzeit.<\/p>\n<p>&nbsp;<\/p>\n<p><img decoding=\"async\" class=\"lazyload aligncenter size-large wp-image-65183\" src=\"https:\/\/zivykraj.cz\/wp-content\/uploads\/2022\/08\/DSC06826-1024x683.jpg\" data-orig-src=\"https:\/\/zivykraj.cz\/wp-content\/uploads\/2022\/08\/DSC06826-1024x683.jpg\" alt=\"\" width=\"1024\" height=\"683\" srcset=\"data:image\/svg+xml,%3Csvg%20xmlns%3D%27http%3A%2F%2Fwww.w3.org%2F2000%2Fsvg%27%20width%3D%271024%27%20height%3D%27683%27%20viewBox%3D%270%200%201024%20683%27%3E%3Crect%20width%3D%271024%27%20height%3D%27683%27%20fill-opacity%3D%220%22%2F%3E%3C%2Fsvg%3E\" data-srcset=\"https:\/\/zivykraj.cz\/wp-content\/uploads\/2022\/08\/DSC06826-200x133.jpg 200w, https:\/\/zivykraj.cz\/wp-content\/uploads\/2022\/08\/DSC06826-300x200.jpg 300w, https:\/\/zivykraj.cz\/wp-content\/uploads\/2022\/08\/DSC06826-391x260.jpg 391w, https:\/\/zivykraj.cz\/wp-content\/uploads\/2022\/08\/DSC06826-400x267.jpg 400w, https:\/\/zivykraj.cz\/wp-content\/uploads\/2022\/08\/DSC06826-600x400.jpg 600w, https:\/\/zivykraj.cz\/wp-content\/uploads\/2022\/08\/DSC06826-768x512.jpg 768w, https:\/\/zivykraj.cz\/wp-content\/uploads\/2022\/08\/DSC06826-800x533.jpg 800w, https:\/\/zivykraj.cz\/wp-content\/uploads\/2022\/08\/DSC06826-1024x683.jpg 1024w, https:\/\/zivykraj.cz\/wp-content\/uploads\/2022\/08\/DSC06826-1200x800.jpg 1200w, https:\/\/zivykraj.cz\/wp-content\/uploads\/2022\/08\/DSC06826-1536x1024.jpg 1536w\" data-sizes=\"auto\" data-orig-sizes=\"(max-width: 1024px) 100vw, 1024px\" \/><\/p>\n<p><strong>Papierfabriken Gr\u00fcn (Doubrava)<\/strong><\/p>\n<p>Ein weiterer Ausflugstipp ist das gesch\u00fctzte Areal der ehemaligen Papierfabrik in der Stadt Doubrava bei A\u0161. Die Papierfabrik, die sich in der Ortsmitte etwa hundert Meter s\u00fcdlich der Mineralquelle von Doubrava befindet, war bis zum Ende des Zweiten Weltkriegs und kurz danach in Betrieb. 1950 wurde die Produktion jedoch eingestellt, die verlassene Fabrik wurde der Natur \u00fcberlassen und geriet f\u00fcr viele Jahrzehnte v\u00f6llig in Vergessenheit. Im Jahr 1991 wurde sie zuf\u00e4llig entdeckt, und es dauerte mehrere Jahre, bis sie freigelegt wurde. Im Jahr 2015 wurde sie eingeweiht. Das Ergebnis ist ein Ort, der nicht nur eine w\u00fcrdige Erinnerung an die Tradition der Papierherstellung in A\u0161 ist, sondern auch ein lohnendes touristisches Ziel und ein Ort, an dem man ein paar angenehme Momente verbringen kann.<\/p>\n<p><strong>Ein Hoch auf das Schloss! Oder fast&#8230;<\/strong><\/p>\n<p><strong>\u00a0<\/strong><\/p>\n<p>Eine Burg oder ein Schloss sucht man direkt in A\u0161 vergeblich, denn alle Residenzen sind bei zahlreichen Br\u00e4nden abgebrannt. Aber wenn Sie ein wenig weiter fahren, werden Sie ein St\u00fcck Geschichte finden. Im Dorf Neuberg (Podhrad\u00ed), sechs Kilometer von A\u0161 entfernt, finden Sie die Ruinen der Burg Neuberg aus dem 13. Jahrhundert, eines der \u00e4ltesten Bauwerke in A\u0161. Heute ist nur noch der zweiundzwanzig Meter hohe Turm erhalten. Etwas weiter, im Zentrum von Haslau (Hazlov), befindet sich eine weitere urspr\u00fcnglich gotische Burg aus dem 13. Jahrhundert, die nach und nach zu einem Schloss und schlie\u00dflich zu einer Barockkirche umgebaut wurde. F\u00fcr Liebhaber der Romantik ist die Burg <a href=\"https:\/\/www.vildstejn.cz\/cs\/\">Wildstein<\/a> in der Stadt Wildstein (Skaln\u00e1) ein Muss. Sie ist eine der \u00e4ltesten und am besten erhaltenen steinernen Wasserburgen in der Tschechischen Republik. Zu den bedeutenden Kulturdenkm\u00e4lern z\u00e4hlt auch die <a href=\"https:\/\/www.seeberg.cz\/cs\/zajimavost\/oteviraci-doba-a-vstupne-3ed16R\">Burg Seeberg<\/a>, die manchmal auch Ostroh genannt wird. Seit 2007 kann man auf dem Naturlehrpfad &#8222;Umgebung der Burg Seeberg&#8220; spazieren gehen, der die umliegende M\u00fchle, die St. Wolfgangs-Kirche, die Kapelle und den Ententeich umfasst.<\/p>\n<p>&nbsp;<\/p>\n<p><img decoding=\"async\" class=\"lazyload aligncenter size-large wp-image-65179\" src=\"https:\/\/zivykraj.cz\/wp-content\/uploads\/2022\/08\/DSC06654-1024x683.jpg\" data-orig-src=\"https:\/\/zivykraj.cz\/wp-content\/uploads\/2022\/08\/DSC06654-1024x683.jpg\" alt=\"\" width=\"1024\" height=\"683\" srcset=\"data:image\/svg+xml,%3Csvg%20xmlns%3D%27http%3A%2F%2Fwww.w3.org%2F2000%2Fsvg%27%20width%3D%271024%27%20height%3D%27683%27%20viewBox%3D%270%200%201024%20683%27%3E%3Crect%20width%3D%271024%27%20height%3D%27683%27%20fill-opacity%3D%220%22%2F%3E%3C%2Fsvg%3E\" data-srcset=\"https:\/\/zivykraj.cz\/wp-content\/uploads\/2022\/08\/DSC06654-200x133.jpg 200w, https:\/\/zivykraj.cz\/wp-content\/uploads\/2022\/08\/DSC06654-300x200.jpg 300w, https:\/\/zivykraj.cz\/wp-content\/uploads\/2022\/08\/DSC06654-391x260.jpg 391w, https:\/\/zivykraj.cz\/wp-content\/uploads\/2022\/08\/DSC06654-400x267.jpg 400w, https:\/\/zivykraj.cz\/wp-content\/uploads\/2022\/08\/DSC06654-600x400.jpg 600w, https:\/\/zivykraj.cz\/wp-content\/uploads\/2022\/08\/DSC06654-768x512.jpg 768w, https:\/\/zivykraj.cz\/wp-content\/uploads\/2022\/08\/DSC06654-800x533.jpg 800w, https:\/\/zivykraj.cz\/wp-content\/uploads\/2022\/08\/DSC06654-1024x683.jpg 1024w, https:\/\/zivykraj.cz\/wp-content\/uploads\/2022\/08\/DSC06654-1200x800.jpg 1200w, https:\/\/zivykraj.cz\/wp-content\/uploads\/2022\/08\/DSC06654-1536x1024.jpg 1536w\" data-sizes=\"auto\" data-orig-sizes=\"(max-width: 1024px) 100vw, 1024px\" \/><\/p>\n<p><strong>Goethes Steingarten<\/strong><\/p>\n<p><strong>\u00a0<\/strong>Wie wir bereits erw\u00e4hnt haben, sind die wichtigsten touristischen Attraktionen jedoch nicht die historischen Denkm\u00e4ler, sondern die interessanten Orte in der Umgebung, auf die die Region A\u0161 stolz ist. Dieses westlichste Gebiet befindet sich in der ehemaligen verbotenen Grenzzone, so dass die sch\u00f6ne Natur in der gesamten Region erhalten geblieben ist. In A\u0161sko gibt es zwei Naturparks &#8211; <strong>Smr\u010diny und Hal\u0161trov<\/strong>, mehrere Schutzgebiete, ein Natura-2000-Gebiet von europ\u00e4ischer Bedeutung (Lu\u017en\u00ed potok), bedeutende Landschaftselemente, monumentale B\u00e4ume und mehrere kleinere, nat\u00fcrlich attraktive Gebiete. Die umliegenden W\u00e4lder, die reich an Pilzen und Beeren sind, bieten auch zahlreiche M\u00f6glichkeiten zur aktiven und passiven Erholung. In der N\u00e4he der Stra\u00dfe von A\u0161 nach Cheb finden Sie den Goethefelsen und den Goethestein, einzigartige Felsformationen zwischen A\u0161 und Hazlov, die Sie angenehm \u00fcberraschen und die Sch\u00f6nheit der unbelebten Natur offenbaren werden. Die Felsen sind mit einem Kiefernwald bewachsen, und hier wachsen mehrere gesetzlich gesch\u00fctzte Pflanzen, darunter der ber\u00fchmte Mondfarn, das Fr\u00fchlingsmoos, das gesch\u00fctzte Alpenwintergr\u00fcn und die Fr\u00fchlingsprimel. Zu Lebzeiten Johann Wolfgang Goethes war dieser Aussichtspunkt sein Lieblingsplatz, von dem aus er das Hasel- und das Aschtal beobachten konnte.<\/p>\n<p><img decoding=\"async\" class=\"lazyload aligncenter size-large wp-image-65195\" src=\"https:\/\/zivykraj.cz\/wp-content\/uploads\/2022\/08\/DSC08105-1024x684.jpg\" data-orig-src=\"https:\/\/zivykraj.cz\/wp-content\/uploads\/2022\/08\/DSC08105-1024x684.jpg\" alt=\"\" width=\"1024\" height=\"684\" srcset=\"data:image\/svg+xml,%3Csvg%20xmlns%3D%27http%3A%2F%2Fwww.w3.org%2F2000%2Fsvg%27%20width%3D%271024%27%20height%3D%27684%27%20viewBox%3D%270%200%201024%20684%27%3E%3Crect%20width%3D%271024%27%20height%3D%27684%27%20fill-opacity%3D%220%22%2F%3E%3C%2Fsvg%3E\" data-srcset=\"https:\/\/zivykraj.cz\/wp-content\/uploads\/2022\/08\/DSC08105-200x134.jpg 200w, https:\/\/zivykraj.cz\/wp-content\/uploads\/2022\/08\/DSC08105-300x200.jpg 300w, https:\/\/zivykraj.cz\/wp-content\/uploads\/2022\/08\/DSC08105-391x260.jpg 391w, https:\/\/zivykraj.cz\/wp-content\/uploads\/2022\/08\/DSC08105-400x267.jpg 400w, https:\/\/zivykraj.cz\/wp-content\/uploads\/2022\/08\/DSC08105-600x401.jpg 600w, https:\/\/zivykraj.cz\/wp-content\/uploads\/2022\/08\/DSC08105-768x513.jpg 768w, https:\/\/zivykraj.cz\/wp-content\/uploads\/2022\/08\/DSC08105-800x534.jpg 800w, https:\/\/zivykraj.cz\/wp-content\/uploads\/2022\/08\/DSC08105-1024x684.jpg 1024w, https:\/\/zivykraj.cz\/wp-content\/uploads\/2022\/08\/DSC08105-1200x802.jpg 1200w, https:\/\/zivykraj.cz\/wp-content\/uploads\/2022\/08\/DSC08105-1536x1026.jpg 1536w\" data-sizes=\"auto\" data-orig-sizes=\"(max-width: 1024px) 100vw, 1024px\" \/><\/p>\n<p><strong>Lehrpfad f\u00fcr Kinder<\/strong><\/p>\n<p><strong>\u00a0<\/strong>Anl\u00e4sslich des 150-j\u00e4hrigen Jubil\u00e4ums der Stadtgr\u00fcndung hat A\u0161 einen weiteren <a href=\"https:\/\/www.info-as.cz\/150let\/detska-stezka\">Lehrpfad<\/a> vorbereitet, der Sie auf unterhaltsame Weise zu den Orten f\u00fchrt, an denen die reiche Geschichte des Dorfes entstanden ist. Machen Sie einen Familienausflug und lernen Sie die Geschichte und Gegenwart von A\u0161 kennen.<\/p>\n<p>Weitere Informationen \u00fcber die Anf\u00e4nge der Tschechischen Republik finden Sie im <a href=\"https:\/\/www.info-as.cz\/\">Informationszentrum<\/a> von A\u0161.<\/p>\n<p>&nbsp;<\/p>\n","protected":false},"excerpt":{"rendered":"<p>Entdecken Sie das Juwel, das sich in der westlichsten Ecke B\u00f6hmens verbirgt. Ein Ort, an dem sich die [&hellip;]<\/p>\n","protected":false},"author":1,"featured_media":65175,"comment_status":"open","ping_status":"open","sticky":false,"template":"","format":"standard","meta":{"_acf_changed":false,"inline_featured_image":false,"footnotes":""},"categories":[395],"tags":[440,778,779,777,434],"acf":[],"yoast_head":"<!-- This site is optimized with the Yoast SEO plugin v22.3 - https:\/\/yoast.com\/wordpress\/plugins\/seo\/ -->\n<title>Asch (A\u0161) an der Spitze Tschechiens | \u017divyKraj.cz<\/title>\n<meta name=\"description\" content=\"Objevte klenot skryt\u00fd v nejz\u00e1padn\u011bj\u0161\u00edm koutu na\u0161\u00ed vlasti. Vydejte se na v\u00fdlet k nejz\u00e1padn\u011bj\u0161\u00edmu bodu na\u0161\u00ed zem\u011b a zjist\u011bte, kde za\u010d\u00edn\u00e1 \u010cesko.\" \/>\n<meta name=\"robots\" content=\"index, follow, max-snippet:-1, max-image-preview:large, max-video-preview:-1\" \/>\n<link rel=\"canonical\" href=\"https:\/\/zivykraj.cz\/de\/pamatky-blog-de\/asch-as-an-der-spitze-tschechiens\/\" \/>\n<meta property=\"og:locale\" content=\"de_DE\" \/>\n<meta property=\"og:type\" content=\"article\" \/>\n<meta property=\"og:title\" content=\"Asch (A\u0161) an der Spitze Tschechiens | \u017divyKraj.cz\" \/>\n<meta property=\"og:description\" content=\"Objevte klenot skryt\u00fd v nejz\u00e1padn\u011bj\u0161\u00edm koutu na\u0161\u00ed vlasti. Vydejte se na v\u00fdlet k nejz\u00e1padn\u011bj\u0161\u00edmu bodu na\u0161\u00ed zem\u011b a zjist\u011bte, kde za\u010d\u00edn\u00e1 \u010cesko.\" \/>\n<meta property=\"og:url\" content=\"https:\/\/zivykraj.cz\/de\/pamatky-blog-de\/asch-as-an-der-spitze-tschechiens\/\" \/>\n<meta property=\"og:site_name\" content=\"\u017divyKraj.cz\" \/>\n<meta property=\"article:published_time\" content=\"2024-01-18T09:37:57+00:00\" \/>\n<meta property=\"article:modified_time\" content=\"2024-01-18T09:44:08+00:00\" \/>\n<meta property=\"og:image\" content=\"https:\/\/zivykraj.cz\/wp-content\/uploads\/2022\/08\/DJI_0140As2-HDR-scaled.jpg\" \/>\n\t<meta property=\"og:image:width\" content=\"2560\" \/>\n\t<meta property=\"og:image:height\" content=\"1705\" \/>\n\t<meta property=\"og:image:type\" content=\"image\/jpeg\" \/>\n<meta name=\"author\" content=\"admin\" \/>\n<meta name=\"twitter:card\" content=\"summary_large_image\" \/>\n<meta name=\"twitter:label1\" content=\"Verfasst von\" \/>\n\t<meta name=\"twitter:data1\" content=\"admin\" \/>\n\t<meta name=\"twitter:label2\" content=\"Gesch\u00e4tzte Lesezeit\" \/>\n\t<meta name=\"twitter:data2\" content=\"9 Minuten\" \/>\n<script type=\"application\/ld+json\" class=\"yoast-schema-graph\">{\"@context\":\"https:\/\/schema.org\",\"@graph\":[{\"@type\":\"Article\",\"@id\":\"https:\/\/zivykraj.cz\/de\/pamatky-blog-de\/asch-as-an-der-spitze-tschechiens\/#article\",\"isPartOf\":{\"@id\":\"https:\/\/zivykraj.cz\/de\/pamatky-blog-de\/asch-as-an-der-spitze-tschechiens\/\"},\"author\":{\"name\":\"admin\",\"@id\":\"https:\/\/zivykraj.cz\/de\/#\/schema\/person\/ab1f0ec064fefb752cd2d8e4a0c6acc8\"},\"headline\":\"Asch (A\u0161) an der Spitze Tschechiens\",\"datePublished\":\"2024-01-18T09:37:57+00:00\",\"dateModified\":\"2024-01-18T09:44:08+00:00\",\"mainEntityOfPage\":{\"@id\":\"https:\/\/zivykraj.cz\/de\/pamatky-blog-de\/asch-as-an-der-spitze-tschechiens\/\"},\"wordCount\":1417,\"commentCount\":0,\"publisher\":{\"@id\":\"https:\/\/zivykraj.cz\/de\/#organization\"},\"image\":{\"@id\":\"https:\/\/zivykraj.cz\/de\/pamatky-blog-de\/asch-as-an-der-spitze-tschechiens\/#primaryimage\"},\"thumbnailUrl\":\"https:\/\/zivykraj.cz\/wp-content\/uploads\/2022\/08\/DJI_0140As2-HDR-scaled.jpg\",\"keywords\":[\"A\u0161\",\"mozaikazazitku\",\"Radfahrem\",\"Sehensw\u00fcrdigkeiten\",\"Tourismus\"],\"articleSection\":[\"Sehensw\u00fcrdigkeiten\"],\"inLanguage\":\"de-DE\",\"potentialAction\":[{\"@type\":\"CommentAction\",\"name\":\"Comment\",\"target\":[\"https:\/\/zivykraj.cz\/de\/pamatky-blog-de\/asch-as-an-der-spitze-tschechiens\/#respond\"]}]},{\"@type\":\"WebPage\",\"@id\":\"https:\/\/zivykraj.cz\/de\/pamatky-blog-de\/asch-as-an-der-spitze-tschechiens\/\",\"url\":\"https:\/\/zivykraj.cz\/de\/pamatky-blog-de\/asch-as-an-der-spitze-tschechiens\/\",\"name\":\"Asch (A\u0161) an der Spitze Tschechiens | \u017divyKraj.cz\",\"isPartOf\":{\"@id\":\"https:\/\/zivykraj.cz\/de\/#website\"},\"primaryImageOfPage\":{\"@id\":\"https:\/\/zivykraj.cz\/de\/pamatky-blog-de\/asch-as-an-der-spitze-tschechiens\/#primaryimage\"},\"image\":{\"@id\":\"https:\/\/zivykraj.cz\/de\/pamatky-blog-de\/asch-as-an-der-spitze-tschechiens\/#primaryimage\"},\"thumbnailUrl\":\"https:\/\/zivykraj.cz\/wp-content\/uploads\/2022\/08\/DJI_0140As2-HDR-scaled.jpg\",\"datePublished\":\"2024-01-18T09:37:57+00:00\",\"dateModified\":\"2024-01-18T09:44:08+00:00\",\"description\":\"Objevte klenot skryt\u00fd v nejz\u00e1padn\u011bj\u0161\u00edm koutu na\u0161\u00ed vlasti. Vydejte se na v\u00fdlet k nejz\u00e1padn\u011bj\u0161\u00edmu bodu na\u0161\u00ed zem\u011b a zjist\u011bte, kde za\u010d\u00edn\u00e1 \u010cesko.\",\"breadcrumb\":{\"@id\":\"https:\/\/zivykraj.cz\/de\/pamatky-blog-de\/asch-as-an-der-spitze-tschechiens\/#breadcrumb\"},\"inLanguage\":\"de-DE\",\"potentialAction\":[{\"@type\":\"ReadAction\",\"target\":[\"https:\/\/zivykraj.cz\/de\/pamatky-blog-de\/asch-as-an-der-spitze-tschechiens\/\"]}]},{\"@type\":\"ImageObject\",\"inLanguage\":\"de-DE\",\"@id\":\"https:\/\/zivykraj.cz\/de\/pamatky-blog-de\/asch-as-an-der-spitze-tschechiens\/#primaryimage\",\"url\":\"https:\/\/zivykraj.cz\/wp-content\/uploads\/2022\/08\/DJI_0140As2-HDR-scaled.jpg\",\"contentUrl\":\"https:\/\/zivykraj.cz\/wp-content\/uploads\/2022\/08\/DJI_0140As2-HDR-scaled.jpg\",\"width\":2560,\"height\":1705},{\"@type\":\"BreadcrumbList\",\"@id\":\"https:\/\/zivykraj.cz\/de\/pamatky-blog-de\/asch-as-an-der-spitze-tschechiens\/#breadcrumb\",\"itemListElement\":[{\"@type\":\"ListItem\",\"position\":1,\"name\":\"Home\",\"item\":\"https:\/\/zivykraj.cz\/de\/\"},{\"@type\":\"ListItem\",\"position\":2,\"name\":\"Asch (A\u0161) an der Spitze Tschechiens\"}]},{\"@type\":\"WebSite\",\"@id\":\"https:\/\/zivykraj.cz\/de\/#website\",\"url\":\"https:\/\/zivykraj.cz\/de\/\",\"name\":\"\u017divyKraj.cz\",\"description\":\"Turistick\u00fd web - Karlovarsk\u00fd kraj\",\"publisher\":{\"@id\":\"https:\/\/zivykraj.cz\/de\/#organization\"},\"potentialAction\":[{\"@type\":\"SearchAction\",\"target\":{\"@type\":\"EntryPoint\",\"urlTemplate\":\"https:\/\/zivykraj.cz\/de\/?s={search_term_string}\"},\"query-input\":\"required name=search_term_string\"}],\"inLanguage\":\"de-DE\"},{\"@type\":\"Organization\",\"@id\":\"https:\/\/zivykraj.cz\/de\/#organization\",\"name\":\"\u017divyKraj.cz\",\"url\":\"https:\/\/zivykraj.cz\/de\/\",\"logo\":{\"@type\":\"ImageObject\",\"inLanguage\":\"de-DE\",\"@id\":\"https:\/\/zivykraj.cz\/de\/#\/schema\/logo\/image\/\",\"url\":\"https:\/\/zivykraj.cz\/wp-content\/uploads\/2021\/08\/logo_white.png\",\"contentUrl\":\"https:\/\/zivykraj.cz\/wp-content\/uploads\/2021\/08\/logo_white.png\",\"width\":223,\"height\":59,\"caption\":\"\u017divyKraj.cz\"},\"image\":{\"@id\":\"https:\/\/zivykraj.cz\/de\/#\/schema\/logo\/image\/\"}},{\"@type\":\"Person\",\"@id\":\"https:\/\/zivykraj.cz\/de\/#\/schema\/person\/ab1f0ec064fefb752cd2d8e4a0c6acc8\",\"name\":\"admin\",\"image\":{\"@type\":\"ImageObject\",\"inLanguage\":\"de-DE\",\"@id\":\"https:\/\/zivykraj.cz\/de\/#\/schema\/person\/image\/\",\"url\":\"https:\/\/secure.gravatar.com\/avatar\/031436a0962827c8c44a070d61f216c5?s=96&d=mm&r=g\",\"contentUrl\":\"https:\/\/secure.gravatar.com\/avatar\/031436a0962827c8c44a070d61f216c5?s=96&d=mm&r=g\",\"caption\":\"admin\"},\"url\":\"https:\/\/zivykraj.cz\/de\/author\/admin\/\"}]}<\/script>\n<!-- \/ Yoast SEO plugin. -->","yoast_head_json":{"title":"Asch (A\u0161) an der Spitze Tschechiens | \u017divyKraj.cz","description":"Objevte klenot skryt\u00fd v nejz\u00e1padn\u011bj\u0161\u00edm koutu na\u0161\u00ed vlasti. Vydejte se na v\u00fdlet k nejz\u00e1padn\u011bj\u0161\u00edmu bodu na\u0161\u00ed zem\u011b a zjist\u011bte, kde za\u010d\u00edn\u00e1 \u010cesko.","robots":{"index":"index","follow":"follow","max-snippet":"max-snippet:-1","max-image-preview":"max-image-preview:large","max-video-preview":"max-video-preview:-1"},"canonical":"https:\/\/zivykraj.cz\/de\/pamatky-blog-de\/asch-as-an-der-spitze-tschechiens\/","og_locale":"de_DE","og_type":"article","og_title":"Asch (A\u0161) an der Spitze Tschechiens | \u017divyKraj.cz","og_description":"Objevte klenot skryt\u00fd v nejz\u00e1padn\u011bj\u0161\u00edm koutu na\u0161\u00ed vlasti. Vydejte se na v\u00fdlet k nejz\u00e1padn\u011bj\u0161\u00edmu bodu na\u0161\u00ed zem\u011b a zjist\u011bte, kde za\u010d\u00edn\u00e1 \u010cesko.","og_url":"https:\/\/zivykraj.cz\/de\/pamatky-blog-de\/asch-as-an-der-spitze-tschechiens\/","og_site_name":"\u017divyKraj.cz","article_published_time":"2024-01-18T09:37:57+00:00","article_modified_time":"2024-01-18T09:44:08+00:00","og_image":[{"width":2560,"height":1705,"url":"https:\/\/zivykraj.cz\/wp-content\/uploads\/2022\/08\/DJI_0140As2-HDR-scaled.jpg","type":"image\/jpeg"}],"author":"admin","twitter_card":"summary_large_image","twitter_misc":{"Verfasst von":"admin","Gesch\u00e4tzte Lesezeit":"9 Minuten"},"schema":{"@context":"https:\/\/schema.org","@graph":[{"@type":"Article","@id":"https:\/\/zivykraj.cz\/de\/pamatky-blog-de\/asch-as-an-der-spitze-tschechiens\/#article","isPartOf":{"@id":"https:\/\/zivykraj.cz\/de\/pamatky-blog-de\/asch-as-an-der-spitze-tschechiens\/"},"author":{"name":"admin","@id":"https:\/\/zivykraj.cz\/de\/#\/schema\/person\/ab1f0ec064fefb752cd2d8e4a0c6acc8"},"headline":"Asch (A\u0161) an der Spitze Tschechiens","datePublished":"2024-01-18T09:37:57+00:00","dateModified":"2024-01-18T09:44:08+00:00","mainEntityOfPage":{"@id":"https:\/\/zivykraj.cz\/de\/pamatky-blog-de\/asch-as-an-der-spitze-tschechiens\/"},"wordCount":1417,"commentCount":0,"publisher":{"@id":"https:\/\/zivykraj.cz\/de\/#organization"},"image":{"@id":"https:\/\/zivykraj.cz\/de\/pamatky-blog-de\/asch-as-an-der-spitze-tschechiens\/#primaryimage"},"thumbnailUrl":"https:\/\/zivykraj.cz\/wp-content\/uploads\/2022\/08\/DJI_0140As2-HDR-scaled.jpg","keywords":["A\u0161","mozaikazazitku","Radfahrem","Sehensw\u00fcrdigkeiten","Tourismus"],"articleSection":["Sehensw\u00fcrdigkeiten"],"inLanguage":"de-DE","potentialAction":[{"@type":"CommentAction","name":"Comment","target":["https:\/\/zivykraj.cz\/de\/pamatky-blog-de\/asch-as-an-der-spitze-tschechiens\/#respond"]}]},{"@type":"WebPage","@id":"https:\/\/zivykraj.cz\/de\/pamatky-blog-de\/asch-as-an-der-spitze-tschechiens\/","url":"https:\/\/zivykraj.cz\/de\/pamatky-blog-de\/asch-as-an-der-spitze-tschechiens\/","name":"Asch (A\u0161) an der Spitze Tschechiens | \u017divyKraj.cz","isPartOf":{"@id":"https:\/\/zivykraj.cz\/de\/#website"},"primaryImageOfPage":{"@id":"https:\/\/zivykraj.cz\/de\/pamatky-blog-de\/asch-as-an-der-spitze-tschechiens\/#primaryimage"},"image":{"@id":"https:\/\/zivykraj.cz\/de\/pamatky-blog-de\/asch-as-an-der-spitze-tschechiens\/#primaryimage"},"thumbnailUrl":"https:\/\/zivykraj.cz\/wp-content\/uploads\/2022\/08\/DJI_0140As2-HDR-scaled.jpg","datePublished":"2024-01-18T09:37:57+00:00","dateModified":"2024-01-18T09:44:08+00:00","description":"Objevte klenot skryt\u00fd v nejz\u00e1padn\u011bj\u0161\u00edm koutu na\u0161\u00ed vlasti. Vydejte se na v\u00fdlet k nejz\u00e1padn\u011bj\u0161\u00edmu bodu na\u0161\u00ed zem\u011b a zjist\u011bte, kde za\u010d\u00edn\u00e1 \u010cesko.","breadcrumb":{"@id":"https:\/\/zivykraj.cz\/de\/pamatky-blog-de\/asch-as-an-der-spitze-tschechiens\/#breadcrumb"},"inLanguage":"de-DE","potentialAction":[{"@type":"ReadAction","target":["https:\/\/zivykraj.cz\/de\/pamatky-blog-de\/asch-as-an-der-spitze-tschechiens\/"]}]},{"@type":"ImageObject","inLanguage":"de-DE","@id":"https:\/\/zivykraj.cz\/de\/pamatky-blog-de\/asch-as-an-der-spitze-tschechiens\/#primaryimage","url":"https:\/\/zivykraj.cz\/wp-content\/uploads\/2022\/08\/DJI_0140As2-HDR-scaled.jpg","contentUrl":"https:\/\/zivykraj.cz\/wp-content\/uploads\/2022\/08\/DJI_0140As2-HDR-scaled.jpg","width":2560,"height":1705},{"@type":"BreadcrumbList","@id":"https:\/\/zivykraj.cz\/de\/pamatky-blog-de\/asch-as-an-der-spitze-tschechiens\/#breadcrumb","itemListElement":[{"@type":"ListItem","position":1,"name":"Home","item":"https:\/\/zivykraj.cz\/de\/"},{"@type":"ListItem","position":2,"name":"Asch (A\u0161) an der Spitze Tschechiens"}]},{"@type":"WebSite","@id":"https:\/\/zivykraj.cz\/de\/#website","url":"https:\/\/zivykraj.cz\/de\/","name":"\u017divyKraj.cz","description":"Turistick\u00fd web - Karlovarsk\u00fd kraj","publisher":{"@id":"https:\/\/zivykraj.cz\/de\/#organization"},"potentialAction":[{"@type":"SearchAction","target":{"@type":"EntryPoint","urlTemplate":"https:\/\/zivykraj.cz\/de\/?s={search_term_string}"},"query-input":"required name=search_term_string"}],"inLanguage":"de-DE"},{"@type":"Organization","@id":"https:\/\/zivykraj.cz\/de\/#organization","name":"\u017divyKraj.cz","url":"https:\/\/zivykraj.cz\/de\/","logo":{"@type":"ImageObject","inLanguage":"de-DE","@id":"https:\/\/zivykraj.cz\/de\/#\/schema\/logo\/image\/","url":"https:\/\/zivykraj.cz\/wp-content\/uploads\/2021\/08\/logo_white.png","contentUrl":"https:\/\/zivykraj.cz\/wp-content\/uploads\/2021\/08\/logo_white.png","width":223,"height":59,"caption":"\u017divyKraj.cz"},"image":{"@id":"https:\/\/zivykraj.cz\/de\/#\/schema\/logo\/image\/"}},{"@type":"Person","@id":"https:\/\/zivykraj.cz\/de\/#\/schema\/person\/ab1f0ec064fefb752cd2d8e4a0c6acc8","name":"admin","image":{"@type":"ImageObject","inLanguage":"de-DE","@id":"https:\/\/zivykraj.cz\/de\/#\/schema\/person\/image\/","url":"https:\/\/secure.gravatar.com\/avatar\/031436a0962827c8c44a070d61f216c5?s=96&d=mm&r=g","contentUrl":"https:\/\/secure.gravatar.com\/avatar\/031436a0962827c8c44a070d61f216c5?s=96&d=mm&r=g","caption":"admin"},"url":"https:\/\/zivykraj.cz\/de\/author\/admin\/"}]}},"_links":{"self":[{"href":"https:\/\/zivykraj.cz\/de\/wp-json\/wp\/v2\/posts\/74550"}],"collection":[{"href":"https:\/\/zivykraj.cz\/de\/wp-json\/wp\/v2\/posts"}],"about":[{"href":"https:\/\/zivykraj.cz\/de\/wp-json\/wp\/v2\/types\/post"}],"author":[{"embeddable":true,"href":"https:\/\/zivykraj.cz\/de\/wp-json\/wp\/v2\/users\/1"}],"replies":[{"embeddable":true,"href":"https:\/\/zivykraj.cz\/de\/wp-json\/wp\/v2\/comments?post=74550"}],"version-history":[{"count":1,"href":"https:\/\/zivykraj.cz\/de\/wp-json\/wp\/v2\/posts\/74550\/revisions"}],"predecessor-version":[{"id":74551,"href":"https:\/\/zivykraj.cz\/de\/wp-json\/wp\/v2\/posts\/74550\/revisions\/74551"}],"wp:featuredmedia":[{"embeddable":true,"href":"https:\/\/zivykraj.cz\/de\/wp-json\/wp\/v2\/media\/65175"}],"wp:attachment":[{"href":"https:\/\/zivykraj.cz\/de\/wp-json\/wp\/v2\/media?parent=74550"}],"wp:term":[{"taxonomy":"category","embeddable":true,"href":"https:\/\/zivykraj.cz\/de\/wp-json\/wp\/v2\/categories?post=74550"},{"taxonomy":"post_tag","embeddable":true,"href":"https:\/\/zivykraj.cz\/de\/wp-json\/wp\/v2\/tags?post=74550"}],"curies":[{"name":"wp","href":"https:\/\/api.w.org\/{rel}","templated":true}]}}