{"id":80080,"date":"2021-02-04T14:36:49","date_gmt":"2021-02-04T13:36:49","guid":{"rendered":"https:\/\/zivykraj.cz\/?p=80080"},"modified":"2026-04-16T09:07:11","modified_gmt":"2026-04-16T07:07:11","slug":"denkmaeler-im-winterkleid-wohin-ausserhalb-der-saison","status":"publish","type":"post","link":"https:\/\/zivykraj.cz\/de\/winter\/denkmaeler-im-winterkleid-wohin-ausserhalb-der-saison\/","title":{"rendered":"Denkm\u00e4ler im Winterkleid: Wohin au\u00dferhalb der Saison?"},"content":{"rendered":"<div class=\"fusion-fullwidth fullwidth-box fusion-builder-row-1 fusion-flex-container nonhundred-percent-fullwidth non-hundred-percent-height-scrolling\" style=\"background-color: rgba(255,255,255,0);background-position: center center;background-repeat: no-repeat;border-width: 0px 0px 0px 0px;border-color:#ecefef;border-style:solid;\" ><div class=\"fusion-builder-row fusion-row fusion-flex-align-items-flex-start\" style=\"max-width:1206.4px;margin-left: calc(-4% \/ 2 );margin-right: calc(-4% \/ 2 );\"><div class=\"fusion-layout-column fusion_builder_column fusion-builder-column-0 fusion_builder_column_1_1 1_1 fusion-flex-column\"><div class=\"fusion-column-wrapper fusion-flex-justify-content-flex-start fusion-content-layout-column\" style=\"background-position:left top;background-repeat:no-repeat;-webkit-background-size:cover;-moz-background-size:cover;-o-background-size:cover;background-size:cover;padding: 0px 0px 0px 0px;\"><div class=\"fusion-text fusion-text-1\"><p><strong>Wenn der Winter an die Burgtore klopft, bedeutet das f\u00fcr viele Touristen das Ende der historischen Ausfl\u00fcge. Wussten Sie aber, dass es auch im Winter Orte gibt, an denen die Magie der Vergangenheit sp\u00fcrbar wird? Vergessen Sie die Regel, dass Burgen und Schl\u00f6sser nur in den w\u00e4rmeren Monaten besucht werden k\u00f6nnen. In der Region Karlsbad finden Sie Denkm\u00e4ler, die auch an frostigen Tagen ge\u00f6ffnet sind. Welche das sind? Lassen Sie uns diese gemeinsam entdecken!<\/strong><\/p>\n<\/div><\/div><style type=\"text\/css\">.fusion-body .fusion-builder-column-0{width:100% !important;margin-top : 25px;margin-bottom : 25px;}.fusion-builder-column-0 > .fusion-column-wrapper {padding-top : 0px !important;padding-right : 0px !important;margin-right : 1.92%;padding-bottom : 0px !important;padding-left : 0px !important;margin-left : 1.92%;}@media only screen and (max-width:1024px) {.fusion-body .fusion-builder-column-0{width:100% !important;order : 0;}.fusion-builder-column-0 > .fusion-column-wrapper {margin-right : 1.92%;margin-left : 1.92%;}}@media only screen and (max-width:640px) {.fusion-body .fusion-builder-column-0{width:100% !important;order : 0;}.fusion-builder-column-0 > .fusion-column-wrapper {margin-right : 1.92%;margin-left : 1.92%;}}<\/style><\/div><div class=\"fusion-layout-column fusion_builder_column fusion-builder-column-1 fusion_builder_column_1_1 1_1 fusion-flex-column\"><div class=\"fusion-column-wrapper fusion-flex-justify-content-flex-start fusion-content-layout-column\" style=\"background-position:left top;background-repeat:no-repeat;-webkit-background-size:cover;-moz-background-size:cover;-o-background-size:cover;background-size:cover;padding: 0px 0px 0px 0px;\"><div class=\"fusion-text fusion-text-2\"><p><strong>Burg Loket: Mittelalterliche Festung im frostigen Gewand<\/strong><\/p>\n<p>Eine Burg, die in den Felsen \u00fcbergeht, und ein Felsen, der die Burg tr\u00e4gt. <a href=\"https:\/\/www.hradloket.cz\/de\/\">Die mittelalterliche Burg Loket<\/a>,\u00a0die von der Eger an drei Seiten umflossen wird, ist das Herz einer malerischen Kleinstadt. Erklimmen Sie den Burgturm und lassen Sie sich vom Ausblick verzaubern! Unter Ihnen breitet sich der Marktplatz mit seiner barocken S\u00e4ule, malerischen H\u00e4usern und \u00dcberresten der urspr\u00fcnglichen Stadtmauern aus.<\/p>\n<p><strong>Loket geh\u00f6rt zu den beeindruckendsten mittelalterlichen Festungen in Tschechien.<\/strong> Seine massiven Mauern und T\u00fcrme, die einst das K\u00f6nigreich vor Feinden sch\u00fctzten, ziehen heute Besucher mit atemberaubenden Ausblicken und geheimnisvollen Geschichten an. Der Charme und die Atmosph\u00e4re des Kaiserwaldes im Hintergrund machen einen Besuch in Loket im Winter zu einem unvergesslichen Erlebnis. <strong>Die Burg ist t\u00e4glich von 9 bis 16 Uhr ge\u00f6ffnet.<\/strong><\/p>\n<p><strong>Burg Eger: Geschichten aus der Kaiserzeit<\/strong><\/p>\n<p>Die Spuren der Geschichte sind auf der <a href=\"https:\/\/www.hrad-cheb.cz\/de\/\">Egerer Burg<\/a> buchst\u00e4blich an jedem Schritt sp\u00fcrbar. Bekannt ist sie nicht nur f\u00fcr ihre Historie, sondern auch als einziger Ort in Tschechien mit <strong>einer originalen staufischen Kaiserpfalz<\/strong>, gegr\u00fcndet von Kaiser Friedrich Barbarossa. Vom einstigen Palast und der romanischen Festung blieb nach dem Krieg im 18. Jahrhundert nur ein Torso mit dem m\u00e4chtigen Schwarzen Turm und der einzigartigen romanisch-gotischen Kapelle.<\/p>\n<p>Die Burg ist auch im Winter lebendig und bietet Besuchern Einblicke in eine Zeit, in der hier ber\u00fchmte k\u00f6nigliche Hochzeiten und d\u00fcstere Geschichten von Morden stattfanden.<br \/>\nVon November bis Ende M\u00e4rz ist die Egerer Burg im Wintermodus ge\u00f6ffnet.<br \/>\n<strong>Der Burghof ist nur an Wochenenden zug\u00e4nglich, jeweils von 10 bis 15 Uhr.<br \/>\n<\/strong>Bei geeigneten Wetterbedingungen bleibt auch der Schwarze Turm zug\u00e4nglich, von dem sich ein einzigartiger Blick \u00fcber die ganze Stadt bietet.<\/p>\n<\/div><\/div><style type=\"text\/css\">.fusion-body .fusion-builder-column-1{width:100% !important;margin-top : 25px;margin-bottom : 25px;}.fusion-builder-column-1 > .fusion-column-wrapper {padding-top : 0px !important;padding-right : 0px !important;margin-right : 1.92%;padding-bottom : 0px !important;padding-left : 0px !important;margin-left : 1.92%;}@media only screen and (max-width:1024px) {.fusion-body .fusion-builder-column-1{width:100% !important;order : 0;}.fusion-builder-column-1 > .fusion-column-wrapper {margin-right : 1.92%;margin-left : 1.92%;}}@media only screen and (max-width:640px) {.fusion-body .fusion-builder-column-1{width:100% !important;order : 0;}.fusion-builder-column-1 > .fusion-column-wrapper {margin-right : 1.92%;margin-left : 1.92%;}}<\/style><\/div><div class=\"fusion-layout-column fusion_builder_column fusion-builder-column-2 fusion_builder_column_1_1 1_1 fusion-flex-column\"><div class=\"fusion-column-wrapper fusion-flex-justify-content-flex-start fusion-content-layout-column\" style=\"background-position:left top;background-repeat:no-repeat;-webkit-background-size:cover;-moz-background-size:cover;-o-background-size:cover;background-size:cover;padding: 0px 0px 0px 0px;\"><div ><span class=\" fusion-imageframe imageframe-none imageframe-1 hover-type-none\"><img decoding=\"async\" width=\"1200\" height=\"600\" title=\"Zimn\u00c3\u00ad hrad2 (002)\" src=\"https:\/\/zivykraj.cz\/wp-content\/uploads\/2024\/11\/ZimnA\u00ad-hrad2-002.jpg\" data-orig-src=\"https:\/\/zivykraj.cz\/wp-content\/uploads\/2024\/11\/ZimnA\u00ad-hrad2-002.jpg\" alt class=\"lazyload img-responsive wp-image-79718\" srcset=\"data:image\/svg+xml,%3Csvg%20xmlns%3D%27http%3A%2F%2Fwww.w3.org%2F2000%2Fsvg%27%20width%3D%271200%27%20height%3D%27600%27%20viewBox%3D%270%200%201200%20600%27%3E%3Crect%20width%3D%271200%27%20height%3D%27600%27%20fill-opacity%3D%220%22%2F%3E%3C%2Fsvg%3E\" data-srcset=\"https:\/\/zivykraj.cz\/wp-content\/uploads\/2024\/11\/ZimnA\u00ad-hrad2-002-200x100.jpg 200w, https:\/\/zivykraj.cz\/wp-content\/uploads\/2024\/11\/ZimnA\u00ad-hrad2-002-400x200.jpg 400w, https:\/\/zivykraj.cz\/wp-content\/uploads\/2024\/11\/ZimnA\u00ad-hrad2-002-600x300.jpg 600w, https:\/\/zivykraj.cz\/wp-content\/uploads\/2024\/11\/ZimnA\u00ad-hrad2-002-800x400.jpg 800w, https:\/\/zivykraj.cz\/wp-content\/uploads\/2024\/11\/ZimnA\u00ad-hrad2-002.jpg 1200w\" data-sizes=\"auto\" data-orig-sizes=\"(max-width: 1024px) 100vw, (max-width: 640px) 100vw, 1200px\" \/><\/span><\/div><\/div><style type=\"text\/css\">.fusion-body .fusion-builder-column-2{width:100% !important;margin-top : 25px;margin-bottom : 25px;}.fusion-builder-column-2 > .fusion-column-wrapper {padding-top : 0px !important;padding-right : 0px !important;margin-right : 1.92%;padding-bottom : 0px !important;padding-left : 0px !important;margin-left : 1.92%;}@media only screen and (max-width:1024px) {.fusion-body .fusion-builder-column-2{width:100% !important;order : 0;}.fusion-builder-column-2 > .fusion-column-wrapper {margin-right : 1.92%;margin-left : 1.92%;}}@media only screen and (max-width:640px) {.fusion-body .fusion-builder-column-2{width:100% !important;order : 0;}.fusion-builder-column-2 > .fusion-column-wrapper {margin-right : 1.92%;margin-left : 1.92%;}}<\/style><\/div><div class=\"fusion-layout-column fusion_builder_column fusion-builder-column-3 fusion_builder_column_1_1 1_1 fusion-flex-column\"><div class=\"fusion-column-wrapper fusion-flex-justify-content-flex-start fusion-content-layout-column\" style=\"background-position:left top;background-repeat:no-repeat;-webkit-background-size:cover;-moz-background-size:cover;-o-background-size:cover;background-size:cover;padding: 0px 0px 0px 0px;\"><div class=\"fusion-text fusion-text-3\"><p><strong>Schloss Ostrov: Seltene Sch\u00e4tze europ\u00e4ischer Familien<\/strong><\/p>\n<p>Im Herzen der Stadt Ostrov liegt das <a href=\"https:\/\/www.icostrov.cz\/de\/schloss-ostrov\/\">Schloss Ostrov<\/a>. Es ist ein gro\u00dfer Geb\u00e4udekomplex, dessen Fundament urspr\u00fcnglich die Stadtburg war, die eine Verteidigungsfunktion hatte. Das Schloss verzaubert Sie mit seiner reichen Geschichte und einzigartigen Ausstellungen, die das Leben ber\u00fchmter europ\u00e4ischer Adelsfamilien zeigen. <strong>Die Ausstellung \u0160liks auf dem Inselgut &#8211; Reichtum und Macht<\/strong> pr\u00e4sentiert seltene Exponate, darunter eines der vier Richtschwerter des Henkers Jan Mydl\u00e1\u0159.<\/p>\n<p>Genie\u00dfen Sie den Zauber des Winters im Ostrovsk\u00fd z\u00e1mek! Er ist <strong>von Dienstag bis Sonntag von 8.30 Uhr bis 16.00 Uhr <\/strong>ge\u00f6ffnet. Kommen Sie und genie\u00dfen Sie einen ruhigen Winterspaziergang zwischen historischen Sch\u00e4tzen.<\/p>\n<\/div><\/div><style type=\"text\/css\">.fusion-body .fusion-builder-column-3{width:100% !important;margin-top : 25px;margin-bottom : 25px;}.fusion-builder-column-3 > .fusion-column-wrapper {padding-top : 0px !important;padding-right : 0px !important;margin-right : 1.92%;padding-bottom : 0px !important;padding-left : 0px !important;margin-left : 1.92%;}@media only screen and (max-width:1024px) {.fusion-body .fusion-builder-column-3{width:100% !important;order : 0;}.fusion-builder-column-3 > .fusion-column-wrapper {margin-right : 1.92%;margin-left : 1.92%;}}@media only screen and (max-width:640px) {.fusion-body .fusion-builder-column-3{width:100% !important;order : 0;}.fusion-builder-column-3 > .fusion-column-wrapper {margin-right : 1.92%;margin-left : 1.92%;}}<\/style><\/div><div class=\"fusion-layout-column fusion_builder_column fusion-builder-column-4 fusion_builder_column_1_1 1_1 fusion-flex-column\"><div class=\"fusion-column-wrapper fusion-flex-justify-content-flex-start fusion-content-layout-column\" style=\"background-position:left top;background-repeat:no-repeat;-webkit-background-size:cover;-moz-background-size:cover;-o-background-size:cover;background-size:cover;padding: 0px 0px 0px 0px;\"><div ><span class=\" fusion-imageframe imageframe-none imageframe-2 hover-type-none\"><img decoding=\"async\" width=\"2560\" height=\"1920\" title=\"\u00c5\u00a0likovsk\u00c3\u00a1 st\u00c5\u0099\u00c3\u00adbrn\u00c3\u00a1 kazeta, kulturn\u00c3\u00ad pam\u00c3\u00a1tka &#8211; expozice Ostrovsko a hornictv\u00c3\u00ad\" src=\"https:\/\/zivykraj.cz\/wp-content\/uploads\/2024\/11\/A-likovskA\u00a1-stA\u0099A\u00adbrnA\u00a1-kazeta-kulturnA\u00ad-pamA\u00a1tka-expozice-Ostrovsko-a-hornictvA\u00ad-scaled.jpg\" data-orig-src=\"https:\/\/zivykraj.cz\/wp-content\/uploads\/2024\/11\/A-likovskA\u00a1-stA\u0099A\u00adbrnA\u00a1-kazeta-kulturnA\u00ad-pamA\u00a1tka-expozice-Ostrovsko-a-hornictvA\u00ad-scaled.jpg\" alt class=\"lazyload img-responsive wp-image-79722\" srcset=\"data:image\/svg+xml,%3Csvg%20xmlns%3D%27http%3A%2F%2Fwww.w3.org%2F2000%2Fsvg%27%20width%3D%272560%27%20height%3D%271920%27%20viewBox%3D%270%200%202560%201920%27%3E%3Crect%20width%3D%272560%27%20height%3D%271920%27%20fill-opacity%3D%220%22%2F%3E%3C%2Fsvg%3E\" data-srcset=\"https:\/\/zivykraj.cz\/wp-content\/uploads\/2024\/11\/A-likovskA\u00a1-stA\u0099A\u00adbrnA\u00a1-kazeta-kulturnA\u00ad-pamA\u00a1tka-expozice-Ostrovsko-a-hornictvA\u00ad-200x150.jpg 200w, https:\/\/zivykraj.cz\/wp-content\/uploads\/2024\/11\/A-likovskA\u00a1-stA\u0099A\u00adbrnA\u00a1-kazeta-kulturnA\u00ad-pamA\u00a1tka-expozice-Ostrovsko-a-hornictvA\u00ad-400x300.jpg 400w, https:\/\/zivykraj.cz\/wp-content\/uploads\/2024\/11\/A-likovskA\u00a1-stA\u0099A\u00adbrnA\u00a1-kazeta-kulturnA\u00ad-pamA\u00a1tka-expozice-Ostrovsko-a-hornictvA\u00ad-600x450.jpg 600w, https:\/\/zivykraj.cz\/wp-content\/uploads\/2024\/11\/A-likovskA\u00a1-stA\u0099A\u00adbrnA\u00a1-kazeta-kulturnA\u00ad-pamA\u00a1tka-expozice-Ostrovsko-a-hornictvA\u00ad-800x600.jpg 800w, https:\/\/zivykraj.cz\/wp-content\/uploads\/2024\/11\/A-likovskA\u00a1-stA\u0099A\u00adbrnA\u00a1-kazeta-kulturnA\u00ad-pamA\u00a1tka-expozice-Ostrovsko-a-hornictvA\u00ad-1200x900.jpg 1200w, https:\/\/zivykraj.cz\/wp-content\/uploads\/2024\/11\/A-likovskA\u00a1-stA\u0099A\u00adbrnA\u00a1-kazeta-kulturnA\u00ad-pamA\u00a1tka-expozice-Ostrovsko-a-hornictvA\u00ad-scaled.jpg 2560w\" data-sizes=\"auto\" data-orig-sizes=\"(max-width: 1024px) 100vw, (max-width: 640px) 100vw, 1200px\" \/><\/span><\/div><\/div><style type=\"text\/css\">.fusion-body .fusion-builder-column-4{width:100% !important;margin-top : 25px;margin-bottom : 25px;}.fusion-builder-column-4 > .fusion-column-wrapper {padding-top : 0px !important;padding-right : 0px !important;margin-right : 1.92%;padding-bottom : 0px !important;padding-left : 0px !important;margin-left : 1.92%;}@media only screen and (max-width:1024px) {.fusion-body .fusion-builder-column-4{width:100% !important;order : 0;}.fusion-builder-column-4 > .fusion-column-wrapper {margin-right : 1.92%;margin-left : 1.92%;}}@media only screen and (max-width:640px) {.fusion-body .fusion-builder-column-4{width:100% !important;order : 0;}.fusion-builder-column-4 > .fusion-column-wrapper {margin-right : 1.92%;margin-left : 1.92%;}}<\/style><\/div><div class=\"fusion-layout-column fusion_builder_column fusion-builder-column-5 fusion_builder_column_1_1 1_1 fusion-flex-column\"><div class=\"fusion-column-wrapper fusion-flex-justify-content-flex-start fusion-content-layout-column\" style=\"background-position:left top;background-repeat:no-repeat;-webkit-background-size:cover;-moz-background-size:cover;-o-background-size:cover;background-size:cover;padding: 0px 0px 0px 0px;\"><div class=\"fusion-text fusion-text-4\"><p><strong>Schloss Sokolov (Schloss Falkenau): klassische Geschichte und geheimnisvoller Schatz<\/strong><\/p>\n<p>Sokolov bietet nicht nur einen Einblick in die (Bergbau-)Vergangenheit, sondern auch viele interessante Orte f\u00fcr Natur- und Kulturliebhaber. Die dominierende architektonische Perle, <a href=\"http:\/\/www.omks.cz\/main.php?page=muzeum-sokolov\">das Schloss Sokolov<\/a>, stellt nur die Spitze des Eisbergs dessen dar, was die Stadt tats\u00e4chlich zu bieten hat. <strong>Wenn Sie auf der Suche nach einer Kombination aus Geschichte, Natur und authentischem tschechischen Charme sind, ist Sokolov der richtige Ort f\u00fcr Ihre n\u00e4chste Reise.<\/strong><\/p>\n<p>Bei einem Rundgang durch die Innenr\u00e4ume des klassizistischen Schlosses befinden Sie sich mitten in der Geschichte und erfahren Interessantes \u00fcber den Abbau und die Verarbeitung von Erzen und Kohle, die Herstellung von feinem Porzellan und das traditionelle Handwerk von Spitzen und Musikinstrumenten. Im Keller des Schlosses ist sogar ein Sokolov-Schatz aus den 1990er Jahren versteckt.<\/p>\n<p>Im Winter k\u00f6nnen Sie das Schloss Sokolov <strong>von Mittwoch bis Sonntag von 9 bis 12 Uhr und dann von 13 bis 17 Uhr<\/strong> besuchen.<\/p>\n<\/div><\/div><style type=\"text\/css\">.fusion-body .fusion-builder-column-5{width:100% !important;margin-top : 25px;margin-bottom : 25px;}.fusion-builder-column-5 > .fusion-column-wrapper {padding-top : 0px !important;padding-right : 0px !important;margin-right : 1.92%;padding-bottom : 0px !important;padding-left : 0px !important;margin-left : 1.92%;}@media only screen and (max-width:1024px) {.fusion-body .fusion-builder-column-5{width:100% !important;order : 0;}.fusion-builder-column-5 > .fusion-column-wrapper {margin-right : 1.92%;margin-left : 1.92%;}}@media only screen and (max-width:640px) {.fusion-body .fusion-builder-column-5{width:100% !important;order : 0;}.fusion-builder-column-5 > .fusion-column-wrapper {margin-right : 1.92%;margin-left : 1.92%;}}<\/style><\/div><div class=\"fusion-layout-column fusion_builder_column fusion-builder-column-6 fusion_builder_column_1_1 1_1 fusion-flex-column\"><div class=\"fusion-column-wrapper fusion-flex-justify-content-flex-start fusion-content-layout-column\" style=\"background-position:left top;background-repeat:no-repeat;-webkit-background-size:cover;-moz-background-size:cover;-o-background-size:cover;background-size:cover;padding: 0px 0px 0px 0px;\"><div ><span class=\" fusion-imageframe imageframe-none imageframe-3 hover-type-none\"><img decoding=\"async\" width=\"1613\" height=\"1210\" title=\"OLYMPUS DIGITAL CAMERA\" src=\"https:\/\/zivykraj.cz\/wp-content\/uploads\/2024\/11\/ZA\u00a1mek-Sokolov-v-zimA\u009b.jpg\" data-orig-src=\"https:\/\/zivykraj.cz\/wp-content\/uploads\/2024\/11\/ZA\u00a1mek-Sokolov-v-zimA\u009b.jpg\" alt class=\"lazyload img-responsive wp-image-79726\" srcset=\"data:image\/svg+xml,%3Csvg%20xmlns%3D%27http%3A%2F%2Fwww.w3.org%2F2000%2Fsvg%27%20width%3D%271613%27%20height%3D%271210%27%20viewBox%3D%270%200%201613%201210%27%3E%3Crect%20width%3D%271613%27%20height%3D%271210%27%20fill-opacity%3D%220%22%2F%3E%3C%2Fsvg%3E\" data-srcset=\"https:\/\/zivykraj.cz\/wp-content\/uploads\/2024\/11\/ZA\u00a1mek-Sokolov-v-zimA\u009b-200x150.jpg 200w, https:\/\/zivykraj.cz\/wp-content\/uploads\/2024\/11\/ZA\u00a1mek-Sokolov-v-zimA\u009b-400x300.jpg 400w, https:\/\/zivykraj.cz\/wp-content\/uploads\/2024\/11\/ZA\u00a1mek-Sokolov-v-zimA\u009b-600x450.jpg 600w, https:\/\/zivykraj.cz\/wp-content\/uploads\/2024\/11\/ZA\u00a1mek-Sokolov-v-zimA\u009b-800x600.jpg 800w, https:\/\/zivykraj.cz\/wp-content\/uploads\/2024\/11\/ZA\u00a1mek-Sokolov-v-zimA\u009b-1200x900.jpg 1200w, https:\/\/zivykraj.cz\/wp-content\/uploads\/2024\/11\/ZA\u00a1mek-Sokolov-v-zimA\u009b.jpg 1613w\" data-sizes=\"auto\" data-orig-sizes=\"(max-width: 1024px) 100vw, (max-width: 640px) 100vw, 1200px\" \/><\/span><\/div><\/div><style type=\"text\/css\">.fusion-body .fusion-builder-column-6{width:100% !important;margin-top : 25px;margin-bottom : 25px;}.fusion-builder-column-6 > .fusion-column-wrapper {padding-top : 0px !important;padding-right : 0px !important;margin-right : 1.92%;padding-bottom : 0px !important;padding-left : 0px !important;margin-left : 1.92%;}@media only screen and (max-width:1024px) {.fusion-body .fusion-builder-column-6{width:100% !important;order : 0;}.fusion-builder-column-6 > .fusion-column-wrapper {margin-right : 1.92%;margin-left : 1.92%;}}@media only screen and (max-width:640px) {.fusion-body .fusion-builder-column-6{width:100% !important;order : 0;}.fusion-builder-column-6 > .fusion-column-wrapper {margin-right : 1.92%;margin-left : 1.92%;}}<\/style><\/div><div class=\"fusion-layout-column fusion_builder_column fusion-builder-column-7 fusion_builder_column_1_1 1_1 fusion-flex-column\"><div class=\"fusion-column-wrapper fusion-flex-justify-content-flex-start fusion-content-layout-column\" style=\"background-position:left top;background-repeat:no-repeat;-webkit-background-size:cover;-moz-background-size:cover;-o-background-size:cover;background-size:cover;padding: 0px 0px 0px 0px;\"><div class=\"fusion-text fusion-text-5\"><p><strong>Adventstipps: Entdecken Sie den Zauber der sch\u00f6nsten Weihnachtsm\u00e4rkte der Region!<\/strong><\/p>\n<p>Wenn Sie planen, die Karlsbader Region im Advent zu besuchen, sollten Sie sich <strong>die Weihnachtsm\u00e4rkte in Cheb (Eger) und Karlsbad<\/strong> nicht entgehen lassen.<\/p>\n<p>Die Cheb (Eger)-M\u00e4rkte finden vom 30. November bis zum Ende der Weihnachtszeit statt, w\u00e4hrend Sie in Karlsbad bis zum 1. Januar 2025 die festliche Atmosph\u00e4re noch einmal genie\u00dfen k\u00f6nnen.<\/p>\n<p>F\u00fcr ein einzigartiges Erlebnis besuchen Sie <strong>den Erzgebirgischen Weihnachtsmarkt auf der Burg Loket<\/strong> oder genie\u00dfen Sie <strong>die Teufelsparade in Sokolov<\/strong>.<\/p>\n<p>Im <strong>Weihnachtshaus auf dem Schloss in Doub\u00ed<\/strong> in Karlsbad werden Sie von dem acht Meter hohen Baum begeistert sein, der mit mehr als sechstausend Lichtern sowie vielen Ornamenten, Schneem\u00e4nnern, Engeln, Kerzen und anderen Dekorationen geschm\u00fcckt ist. Und was ist das Beste? Hier k\u00f6nnen Sie das ganze Jahr \u00fcber die Weihnachtsstimmung genie\u00dfen.<\/p>\n<p>Vergessen Sie nicht die h\u00f6chstgelegene Stadt der Tschechien Republik \u2013 <strong>Bo\u017e\u00ed Dar (Gottesgab)<\/strong>. Dort erwarten Sie nicht nur der ber\u00fchmte \u201eJe\u017e\u00ed\u0161kova cesta\u201c <strong>Christkindlweg<\/strong>, sondern auch die <strong>Christkindlpost<\/strong>. Dieser Ort begeistert sowohl Kinder als auch Erwachsene mit seiner m\u00e4rchenhaften Winteratmosph\u00e4re.<\/p>\n<p>Weitere Informationen \u00fcber Adventsm\u00e4rkte und andere festliche Veranstaltungen finden Sie auf unserem Blog <a href=\"https:\/\/zivykraj.cz\/de\/winter\/weihnachtszeit-in-der-karlsbader-region\/\">Weihnachtszeit in der Karlsbader Region<\/a>. Wir w\u00fcnschen Ihnen einen sch\u00f6nen Advent!<\/p>\n<\/div><\/div><style type=\"text\/css\">.fusion-body .fusion-builder-column-7{width:100% !important;margin-top : 25px;margin-bottom : 25px;}.fusion-builder-column-7 > .fusion-column-wrapper {padding-top : 0px !important;padding-right : 0px !important;margin-right : 1.92%;padding-bottom : 0px !important;padding-left : 0px !important;margin-left : 1.92%;}@media only screen and (max-width:1024px) {.fusion-body .fusion-builder-column-7{width:100% !important;order : 0;}.fusion-builder-column-7 > .fusion-column-wrapper {margin-right : 1.92%;margin-left : 1.92%;}}@media only screen and (max-width:640px) {.fusion-body .fusion-builder-column-7{width:100% !important;order : 0;}.fusion-builder-column-7 > .fusion-column-wrapper {margin-right : 1.92%;margin-left : 1.92%;}}<\/style><\/div><div class=\"fusion-layout-column fusion_builder_column fusion-builder-column-8 fusion_builder_column_1_1 1_1 fusion-flex-column\"><div class=\"fusion-column-wrapper fusion-flex-justify-content-flex-start fusion-content-layout-column\" style=\"background-position:left top;background-repeat:no-repeat;-webkit-background-size:cover;-moz-background-size:cover;-o-background-size:cover;background-size:cover;padding: 0px 0px 0px 0px;\"><div ><span class=\" fusion-imageframe imageframe-none imageframe-4 hover-type-none\"><img decoding=\"async\" width=\"2560\" height=\"1709\" title=\"12 NADV\" src=\"https:\/\/zivykraj.cz\/wp-content\/uploads\/2024\/11\/12-NADV-scaled.jpg\" data-orig-src=\"https:\/\/zivykraj.cz\/wp-content\/uploads\/2024\/11\/12-NADV-scaled.jpg\" alt class=\"lazyload img-responsive wp-image-79730\" srcset=\"data:image\/svg+xml,%3Csvg%20xmlns%3D%27http%3A%2F%2Fwww.w3.org%2F2000%2Fsvg%27%20width%3D%272560%27%20height%3D%271709%27%20viewBox%3D%270%200%202560%201709%27%3E%3Crect%20width%3D%272560%27%20height%3D%271709%27%20fill-opacity%3D%220%22%2F%3E%3C%2Fsvg%3E\" data-srcset=\"https:\/\/zivykraj.cz\/wp-content\/uploads\/2024\/11\/12-NADV-200x134.jpg 200w, https:\/\/zivykraj.cz\/wp-content\/uploads\/2024\/11\/12-NADV-400x267.jpg 400w, https:\/\/zivykraj.cz\/wp-content\/uploads\/2024\/11\/12-NADV-600x401.jpg 600w, https:\/\/zivykraj.cz\/wp-content\/uploads\/2024\/11\/12-NADV-800x534.jpg 800w, https:\/\/zivykraj.cz\/wp-content\/uploads\/2024\/11\/12-NADV-1200x801.jpg 1200w, https:\/\/zivykraj.cz\/wp-content\/uploads\/2024\/11\/12-NADV-scaled.jpg 2560w\" data-sizes=\"auto\" data-orig-sizes=\"(max-width: 1024px) 100vw, (max-width: 640px) 100vw, 1200px\" \/><\/span><\/div><\/div><style type=\"text\/css\">.fusion-body .fusion-builder-column-8{width:100% !important;margin-top : 25px;margin-bottom : 25px;}.fusion-builder-column-8 > .fusion-column-wrapper {padding-top : 0px !important;padding-right : 0px !important;margin-right : 1.92%;padding-bottom : 0px !important;padding-left : 0px !important;margin-left : 1.92%;}@media only screen and (max-width:1024px) {.fusion-body .fusion-builder-column-8{width:100% !important;order : 0;}.fusion-builder-column-8 > .fusion-column-wrapper {margin-right : 1.92%;margin-left : 1.92%;}}@media only screen and (max-width:640px) {.fusion-body .fusion-builder-column-8{width:100% !important;order : 0;}.fusion-builder-column-8 > .fusion-column-wrapper {margin-right : 1.92%;margin-left : 1.92%;}}<\/style><\/div><\/div><style type=\"text\/css\">.fusion-body .fusion-flex-container.fusion-builder-row-1{ padding-top : 0px;margin-top : 0px;padding-right : 0px;padding-bottom : 0px;margin-bottom : 0px;padding-left : 0px;}<\/style><\/div>\n","protected":false},"excerpt":{"rendered":"","protected":false},"author":1,"featured_media":79714,"comment_status":"open","ping_status":"open","sticky":false,"template":"","format":"standard","meta":{"_acf_changed":false,"inline_featured_image":false,"footnotes":""},"categories":[395,396,469],"tags":[457,799],"acf":[],"yoast_head":"<!-- This site is optimized with the Yoast SEO plugin v22.3 - https:\/\/yoast.com\/wordpress\/plugins\/seo\/ -->\n<title>Denkm\u00e4ler im Winterkleid: Wohin au\u00dferhalb der Saison? | \u017divyKraj.cz<\/title>\n<meta name=\"robots\" content=\"index, follow, max-snippet:-1, max-image-preview:large, max-video-preview:-1\" \/>\n<link rel=\"canonical\" href=\"https:\/\/zivykraj.cz\/de\/winter\/denkmaeler-im-winterkleid-wohin-ausserhalb-der-saison\/\" \/>\n<meta property=\"og:locale\" content=\"de_DE\" \/>\n<meta property=\"og:type\" content=\"article\" \/>\n<meta property=\"og:title\" content=\"Denkm\u00e4ler im Winterkleid: Wohin au\u00dferhalb der Saison? | \u017divyKraj.cz\" \/>\n<meta property=\"og:url\" content=\"https:\/\/zivykraj.cz\/de\/winter\/denkmaeler-im-winterkleid-wohin-ausserhalb-der-saison\/\" \/>\n<meta property=\"og:site_name\" content=\"\u017divyKraj.cz\" \/>\n<meta property=\"article:published_time\" content=\"2021-02-04T13:36:49+00:00\" \/>\n<meta property=\"article:modified_time\" content=\"2026-04-16T07:07:11+00:00\" \/>\n<meta property=\"og:image\" content=\"https:\/\/zivykraj.cz\/wp-content\/uploads\/2024\/11\/Loket-9-Vlada_Surmaj-1024x768.jpg\" \/>\n\t<meta property=\"og:image:width\" content=\"1024\" \/>\n\t<meta property=\"og:image:height\" content=\"768\" \/>\n\t<meta property=\"og:image:type\" content=\"image\/jpeg\" \/>\n<meta name=\"author\" content=\"admin\" \/>\n<meta name=\"twitter:card\" content=\"summary_large_image\" \/>\n<meta name=\"twitter:label1\" content=\"Verfasst von\" \/>\n\t<meta name=\"twitter:data1\" content=\"admin\" \/>\n\t<meta name=\"twitter:label2\" content=\"Gesch\u00e4tzte Lesezeit\" \/>\n\t<meta name=\"twitter:data2\" content=\"13 Minuten\" \/>\n<script type=\"application\/ld+json\" class=\"yoast-schema-graph\">{\"@context\":\"https:\/\/schema.org\",\"@graph\":[{\"@type\":\"Article\",\"@id\":\"https:\/\/zivykraj.cz\/de\/winter\/denkmaeler-im-winterkleid-wohin-ausserhalb-der-saison\/#article\",\"isPartOf\":{\"@id\":\"https:\/\/zivykraj.cz\/de\/winter\/denkmaeler-im-winterkleid-wohin-ausserhalb-der-saison\/\"},\"author\":{\"name\":\"admin\",\"@id\":\"https:\/\/zivykraj.cz\/de\/#\/schema\/person\/ab1f0ec064fefb752cd2d8e4a0c6acc8\"},\"headline\":\"Denkm\u00e4ler im Winterkleid: Wohin au\u00dferhalb der Saison?\",\"datePublished\":\"2021-02-04T13:36:49+00:00\",\"dateModified\":\"2026-04-16T07:07:11+00:00\",\"mainEntityOfPage\":{\"@id\":\"https:\/\/zivykraj.cz\/de\/winter\/denkmaeler-im-winterkleid-wohin-ausserhalb-der-saison\/\"},\"wordCount\":4748,\"commentCount\":0,\"publisher\":{\"@id\":\"https:\/\/zivykraj.cz\/de\/#organization\"},\"image\":{\"@id\":\"https:\/\/zivykraj.cz\/de\/winter\/denkmaeler-im-winterkleid-wohin-ausserhalb-der-saison\/#primaryimage\"},\"thumbnailUrl\":\"https:\/\/zivykraj.cz\/wp-content\/uploads\/2024\/11\/Loket-9-Vlada_Surmaj-e1731944458162.jpg\",\"keywords\":[\"Loket (Elbogen)\",\"Winter\"],\"articleSection\":[\"Sehensw\u00fcrdigkeiten\",\"Tipps\",\"Winter\"],\"inLanguage\":\"de-DE\",\"potentialAction\":[{\"@type\":\"CommentAction\",\"name\":\"Comment\",\"target\":[\"https:\/\/zivykraj.cz\/de\/winter\/denkmaeler-im-winterkleid-wohin-ausserhalb-der-saison\/#respond\"]}]},{\"@type\":\"WebPage\",\"@id\":\"https:\/\/zivykraj.cz\/de\/winter\/denkmaeler-im-winterkleid-wohin-ausserhalb-der-saison\/\",\"url\":\"https:\/\/zivykraj.cz\/de\/winter\/denkmaeler-im-winterkleid-wohin-ausserhalb-der-saison\/\",\"name\":\"Denkm\u00e4ler im Winterkleid: Wohin au\u00dferhalb der Saison? | \u017divyKraj.cz\",\"isPartOf\":{\"@id\":\"https:\/\/zivykraj.cz\/de\/#website\"},\"primaryImageOfPage\":{\"@id\":\"https:\/\/zivykraj.cz\/de\/winter\/denkmaeler-im-winterkleid-wohin-ausserhalb-der-saison\/#primaryimage\"},\"image\":{\"@id\":\"https:\/\/zivykraj.cz\/de\/winter\/denkmaeler-im-winterkleid-wohin-ausserhalb-der-saison\/#primaryimage\"},\"thumbnailUrl\":\"https:\/\/zivykraj.cz\/wp-content\/uploads\/2024\/11\/Loket-9-Vlada_Surmaj-e1731944458162.jpg\",\"datePublished\":\"2021-02-04T13:36:49+00:00\",\"dateModified\":\"2026-04-16T07:07:11+00:00\",\"breadcrumb\":{\"@id\":\"https:\/\/zivykraj.cz\/de\/winter\/denkmaeler-im-winterkleid-wohin-ausserhalb-der-saison\/#breadcrumb\"},\"inLanguage\":\"de-DE\",\"potentialAction\":[{\"@type\":\"ReadAction\",\"target\":[\"https:\/\/zivykraj.cz\/de\/winter\/denkmaeler-im-winterkleid-wohin-ausserhalb-der-saison\/\"]}]},{\"@type\":\"ImageObject\",\"inLanguage\":\"de-DE\",\"@id\":\"https:\/\/zivykraj.cz\/de\/winter\/denkmaeler-im-winterkleid-wohin-ausserhalb-der-saison\/#primaryimage\",\"url\":\"https:\/\/zivykraj.cz\/wp-content\/uploads\/2024\/11\/Loket-9-Vlada_Surmaj-e1731944458162.jpg\",\"contentUrl\":\"https:\/\/zivykraj.cz\/wp-content\/uploads\/2024\/11\/Loket-9-Vlada_Surmaj-e1731944458162.jpg\",\"width\":2309,\"height\":1732},{\"@type\":\"BreadcrumbList\",\"@id\":\"https:\/\/zivykraj.cz\/de\/winter\/denkmaeler-im-winterkleid-wohin-ausserhalb-der-saison\/#breadcrumb\",\"itemListElement\":[{\"@type\":\"ListItem\",\"position\":1,\"name\":\"Home\",\"item\":\"https:\/\/zivykraj.cz\/de\/\"},{\"@type\":\"ListItem\",\"position\":2,\"name\":\"Denkm\u00e4ler im Winterkleid: Wohin au\u00dferhalb der Saison?\"}]},{\"@type\":\"WebSite\",\"@id\":\"https:\/\/zivykraj.cz\/de\/#website\",\"url\":\"https:\/\/zivykraj.cz\/de\/\",\"name\":\"\u017divyKraj.cz\",\"description\":\"Turistick\u00fd web - Karlovarsk\u00fd kraj\",\"publisher\":{\"@id\":\"https:\/\/zivykraj.cz\/de\/#organization\"},\"potentialAction\":[{\"@type\":\"SearchAction\",\"target\":{\"@type\":\"EntryPoint\",\"urlTemplate\":\"https:\/\/zivykraj.cz\/de\/?s={search_term_string}\"},\"query-input\":\"required name=search_term_string\"}],\"inLanguage\":\"de-DE\"},{\"@type\":\"Organization\",\"@id\":\"https:\/\/zivykraj.cz\/de\/#organization\",\"name\":\"\u017divyKraj.cz\",\"url\":\"https:\/\/zivykraj.cz\/de\/\",\"logo\":{\"@type\":\"ImageObject\",\"inLanguage\":\"de-DE\",\"@id\":\"https:\/\/zivykraj.cz\/de\/#\/schema\/logo\/image\/\",\"url\":\"https:\/\/zivykraj.cz\/wp-content\/uploads\/2021\/08\/logo_white.png\",\"contentUrl\":\"https:\/\/zivykraj.cz\/wp-content\/uploads\/2021\/08\/logo_white.png\",\"width\":223,\"height\":59,\"caption\":\"\u017divyKraj.cz\"},\"image\":{\"@id\":\"https:\/\/zivykraj.cz\/de\/#\/schema\/logo\/image\/\"}},{\"@type\":\"Person\",\"@id\":\"https:\/\/zivykraj.cz\/de\/#\/schema\/person\/ab1f0ec064fefb752cd2d8e4a0c6acc8\",\"name\":\"admin\",\"image\":{\"@type\":\"ImageObject\",\"inLanguage\":\"de-DE\",\"@id\":\"https:\/\/zivykraj.cz\/de\/#\/schema\/person\/image\/\",\"url\":\"https:\/\/secure.gravatar.com\/avatar\/031436a0962827c8c44a070d61f216c5?s=96&d=mm&r=g\",\"contentUrl\":\"https:\/\/secure.gravatar.com\/avatar\/031436a0962827c8c44a070d61f216c5?s=96&d=mm&r=g\",\"caption\":\"admin\"},\"url\":\"https:\/\/zivykraj.cz\/de\/author\/admin\/\"}]}<\/script>\n<!-- \/ Yoast SEO plugin. -->","yoast_head_json":{"title":"Denkm\u00e4ler im Winterkleid: Wohin au\u00dferhalb der Saison? | \u017divyKraj.cz","robots":{"index":"index","follow":"follow","max-snippet":"max-snippet:-1","max-image-preview":"max-image-preview:large","max-video-preview":"max-video-preview:-1"},"canonical":"https:\/\/zivykraj.cz\/de\/winter\/denkmaeler-im-winterkleid-wohin-ausserhalb-der-saison\/","og_locale":"de_DE","og_type":"article","og_title":"Denkm\u00e4ler im Winterkleid: Wohin au\u00dferhalb der Saison? | \u017divyKraj.cz","og_url":"https:\/\/zivykraj.cz\/de\/winter\/denkmaeler-im-winterkleid-wohin-ausserhalb-der-saison\/","og_site_name":"\u017divyKraj.cz","article_published_time":"2021-02-04T13:36:49+00:00","article_modified_time":"2026-04-16T07:07:11+00:00","og_image":[{"width":1024,"height":768,"url":"https:\/\/zivykraj.cz\/wp-content\/uploads\/2024\/11\/Loket-9-Vlada_Surmaj-1024x768.jpg","type":"image\/jpeg"}],"author":"admin","twitter_card":"summary_large_image","twitter_misc":{"Verfasst von":"admin","Gesch\u00e4tzte Lesezeit":"13 Minuten"},"schema":{"@context":"https:\/\/schema.org","@graph":[{"@type":"Article","@id":"https:\/\/zivykraj.cz\/de\/winter\/denkmaeler-im-winterkleid-wohin-ausserhalb-der-saison\/#article","isPartOf":{"@id":"https:\/\/zivykraj.cz\/de\/winter\/denkmaeler-im-winterkleid-wohin-ausserhalb-der-saison\/"},"author":{"name":"admin","@id":"https:\/\/zivykraj.cz\/de\/#\/schema\/person\/ab1f0ec064fefb752cd2d8e4a0c6acc8"},"headline":"Denkm\u00e4ler im Winterkleid: Wohin au\u00dferhalb der Saison?","datePublished":"2021-02-04T13:36:49+00:00","dateModified":"2026-04-16T07:07:11+00:00","mainEntityOfPage":{"@id":"https:\/\/zivykraj.cz\/de\/winter\/denkmaeler-im-winterkleid-wohin-ausserhalb-der-saison\/"},"wordCount":4748,"commentCount":0,"publisher":{"@id":"https:\/\/zivykraj.cz\/de\/#organization"},"image":{"@id":"https:\/\/zivykraj.cz\/de\/winter\/denkmaeler-im-winterkleid-wohin-ausserhalb-der-saison\/#primaryimage"},"thumbnailUrl":"https:\/\/zivykraj.cz\/wp-content\/uploads\/2024\/11\/Loket-9-Vlada_Surmaj-e1731944458162.jpg","keywords":["Loket (Elbogen)","Winter"],"articleSection":["Sehensw\u00fcrdigkeiten","Tipps","Winter"],"inLanguage":"de-DE","potentialAction":[{"@type":"CommentAction","name":"Comment","target":["https:\/\/zivykraj.cz\/de\/winter\/denkmaeler-im-winterkleid-wohin-ausserhalb-der-saison\/#respond"]}]},{"@type":"WebPage","@id":"https:\/\/zivykraj.cz\/de\/winter\/denkmaeler-im-winterkleid-wohin-ausserhalb-der-saison\/","url":"https:\/\/zivykraj.cz\/de\/winter\/denkmaeler-im-winterkleid-wohin-ausserhalb-der-saison\/","name":"Denkm\u00e4ler im Winterkleid: Wohin au\u00dferhalb der Saison? | \u017divyKraj.cz","isPartOf":{"@id":"https:\/\/zivykraj.cz\/de\/#website"},"primaryImageOfPage":{"@id":"https:\/\/zivykraj.cz\/de\/winter\/denkmaeler-im-winterkleid-wohin-ausserhalb-der-saison\/#primaryimage"},"image":{"@id":"https:\/\/zivykraj.cz\/de\/winter\/denkmaeler-im-winterkleid-wohin-ausserhalb-der-saison\/#primaryimage"},"thumbnailUrl":"https:\/\/zivykraj.cz\/wp-content\/uploads\/2024\/11\/Loket-9-Vlada_Surmaj-e1731944458162.jpg","datePublished":"2021-02-04T13:36:49+00:00","dateModified":"2026-04-16T07:07:11+00:00","breadcrumb":{"@id":"https:\/\/zivykraj.cz\/de\/winter\/denkmaeler-im-winterkleid-wohin-ausserhalb-der-saison\/#breadcrumb"},"inLanguage":"de-DE","potentialAction":[{"@type":"ReadAction","target":["https:\/\/zivykraj.cz\/de\/winter\/denkmaeler-im-winterkleid-wohin-ausserhalb-der-saison\/"]}]},{"@type":"ImageObject","inLanguage":"de-DE","@id":"https:\/\/zivykraj.cz\/de\/winter\/denkmaeler-im-winterkleid-wohin-ausserhalb-der-saison\/#primaryimage","url":"https:\/\/zivykraj.cz\/wp-content\/uploads\/2024\/11\/Loket-9-Vlada_Surmaj-e1731944458162.jpg","contentUrl":"https:\/\/zivykraj.cz\/wp-content\/uploads\/2024\/11\/Loket-9-Vlada_Surmaj-e1731944458162.jpg","width":2309,"height":1732},{"@type":"BreadcrumbList","@id":"https:\/\/zivykraj.cz\/de\/winter\/denkmaeler-im-winterkleid-wohin-ausserhalb-der-saison\/#breadcrumb","itemListElement":[{"@type":"ListItem","position":1,"name":"Home","item":"https:\/\/zivykraj.cz\/de\/"},{"@type":"ListItem","position":2,"name":"Denkm\u00e4ler im Winterkleid: Wohin au\u00dferhalb der Saison?"}]},{"@type":"WebSite","@id":"https:\/\/zivykraj.cz\/de\/#website","url":"https:\/\/zivykraj.cz\/de\/","name":"\u017divyKraj.cz","description":"Turistick\u00fd web - Karlovarsk\u00fd kraj","publisher":{"@id":"https:\/\/zivykraj.cz\/de\/#organization"},"potentialAction":[{"@type":"SearchAction","target":{"@type":"EntryPoint","urlTemplate":"https:\/\/zivykraj.cz\/de\/?s={search_term_string}"},"query-input":"required name=search_term_string"}],"inLanguage":"de-DE"},{"@type":"Organization","@id":"https:\/\/zivykraj.cz\/de\/#organization","name":"\u017divyKraj.cz","url":"https:\/\/zivykraj.cz\/de\/","logo":{"@type":"ImageObject","inLanguage":"de-DE","@id":"https:\/\/zivykraj.cz\/de\/#\/schema\/logo\/image\/","url":"https:\/\/zivykraj.cz\/wp-content\/uploads\/2021\/08\/logo_white.png","contentUrl":"https:\/\/zivykraj.cz\/wp-content\/uploads\/2021\/08\/logo_white.png","width":223,"height":59,"caption":"\u017divyKraj.cz"},"image":{"@id":"https:\/\/zivykraj.cz\/de\/#\/schema\/logo\/image\/"}},{"@type":"Person","@id":"https:\/\/zivykraj.cz\/de\/#\/schema\/person\/ab1f0ec064fefb752cd2d8e4a0c6acc8","name":"admin","image":{"@type":"ImageObject","inLanguage":"de-DE","@id":"https:\/\/zivykraj.cz\/de\/#\/schema\/person\/image\/","url":"https:\/\/secure.gravatar.com\/avatar\/031436a0962827c8c44a070d61f216c5?s=96&d=mm&r=g","contentUrl":"https:\/\/secure.gravatar.com\/avatar\/031436a0962827c8c44a070d61f216c5?s=96&d=mm&r=g","caption":"admin"},"url":"https:\/\/zivykraj.cz\/de\/author\/admin\/"}]}},"_links":{"self":[{"href":"https:\/\/zivykraj.cz\/de\/wp-json\/wp\/v2\/posts\/80080"}],"collection":[{"href":"https:\/\/zivykraj.cz\/de\/wp-json\/wp\/v2\/posts"}],"about":[{"href":"https:\/\/zivykraj.cz\/de\/wp-json\/wp\/v2\/types\/post"}],"author":[{"embeddable":true,"href":"https:\/\/zivykraj.cz\/de\/wp-json\/wp\/v2\/users\/1"}],"replies":[{"embeddable":true,"href":"https:\/\/zivykraj.cz\/de\/wp-json\/wp\/v2\/comments?post=80080"}],"version-history":[{"count":4,"href":"https:\/\/zivykraj.cz\/de\/wp-json\/wp\/v2\/posts\/80080\/revisions"}],"predecessor-version":[{"id":80097,"href":"https:\/\/zivykraj.cz\/de\/wp-json\/wp\/v2\/posts\/80080\/revisions\/80097"}],"wp:featuredmedia":[{"embeddable":true,"href":"https:\/\/zivykraj.cz\/de\/wp-json\/wp\/v2\/media\/79714"}],"wp:attachment":[{"href":"https:\/\/zivykraj.cz\/de\/wp-json\/wp\/v2\/media?parent=80080"}],"wp:term":[{"taxonomy":"category","embeddable":true,"href":"https:\/\/zivykraj.cz\/de\/wp-json\/wp\/v2\/categories?post=80080"},{"taxonomy":"post_tag","embeddable":true,"href":"https:\/\/zivykraj.cz\/de\/wp-json\/wp\/v2\/tags?post=80080"}],"curies":[{"name":"wp","href":"https:\/\/api.w.org\/{rel}","templated":true}]}}