{"id":84494,"date":"2025-05-19T15:06:45","date_gmt":"2025-05-19T13:06:45","guid":{"rendered":"https:\/\/zivykraj.cz\/unkategorisiert\/karlovarsko-kolmo-vii-vitejte-v-cykloregionu-cesko-bavorske-lazne\/"},"modified":"2025-05-19T15:11:15","modified_gmt":"2025-05-19T13:11:15","slug":"karlovarsko-kolmo-vii-vitejte-v-cykloregionu-cesko-bavorske-lazne","status":"publish","type":"post","link":"https:\/\/zivykraj.cz\/de\/aktivitaten\/karlovarsko-kolmo-vii-vitejte-v-cykloregionu-cesko-bavorske-lazne\/","title":{"rendered":"Karlsbader Senkrechtstarter VII: Willkommen in der Radregion Bayerisch-B\u00f6hmische B\u00e4der"},"content":{"rendered":"<div class=\"fusion-fullwidth fullwidth-box fusion-builder-row-1 fusion-flex-container nonhundred-percent-fullwidth non-hundred-percent-height-scrolling\" style=\"background-color: rgba(255,255,255,0);background-position: center center;background-repeat: no-repeat;border-width: 0px 0px 0px 0px;border-color:#ecefef;border-style:solid;\" ><div class=\"fusion-builder-row fusion-row fusion-flex-align-items-flex-start\" style=\"max-width:1206.4px;margin-left: calc(-4% \/ 2 );margin-right: calc(-4% \/ 2 );\"><div class=\"fusion-layout-column fusion_builder_column fusion-builder-column-0 fusion_builder_column_1_1 1_1 fusion-flex-column\"><div class=\"fusion-column-wrapper fusion-flex-justify-content-flex-start fusion-content-layout-column\" style=\"background-position:left top;background-repeat:no-repeat;-webkit-background-size:cover;-moz-background-size:cover;-o-background-size:cover;background-size:cover;padding: 0px 0px 0px 0px;\"><div class=\"fusion-text fusion-text-1\"><p><strong>Nach der Winterpause ist unsere Radsportserie wieder da &#8211; und l\u00e4dt Sie ein, sich gleich wieder in den Sattel zu schwingen! Stellen Sie sich vor, Sie treten in die Pedale auf einer ruhigen, von dichten W\u00e4ldern ges\u00e4umten Stra\u00dfe, vorbei an stillen Kurparks und geheimnisvollen Mooren, atmen die frische Luft ein und haben Zeit f\u00fcr sich, Ihre Gedanken oder f\u00fcr die Freude der Kinder, die Sie aufgeregt \u00fcberholen. Genau diese Zeit bietet Ihnen die b\u00f6hmisch-bayerische Kurradregion.<\/strong><\/p>\n<\/div><\/div><style type=\"text\/css\">.fusion-body .fusion-builder-column-0{width:100% !important;margin-top : 0px;margin-bottom : 0px;}.fusion-builder-column-0 > .fusion-column-wrapper {padding-top : 0px !important;padding-right : 0px !important;margin-right : 1.92%;padding-bottom : 0px !important;padding-left : 0px !important;margin-left : 1.92%;}@media only screen and (max-width:1024px) {.fusion-body .fusion-builder-column-0{width:100% !important;}.fusion-builder-column-0 > .fusion-column-wrapper {margin-right : 1.92%;margin-left : 1.92%;}}@media only screen and (max-width:640px) {.fusion-body .fusion-builder-column-0{width:100% !important;}.fusion-builder-column-0 > .fusion-column-wrapper {margin-right : 1.92%;margin-left : 1.92%;}}<\/style><\/div><div class=\"fusion-layout-column fusion_builder_column fusion-builder-column-1 fusion_builder_column_1_1 1_1 fusion-flex-column\"><div class=\"fusion-column-wrapper fusion-flex-justify-content-flex-start fusion-content-layout-column\" style=\"background-position:left top;background-repeat:no-repeat;-webkit-background-size:cover;-moz-background-size:cover;-o-background-size:cover;background-size:cover;padding: 0px 0px 0px 0px;\"><div class=\"fusion-text fusion-text-2\" style=\"margin-top:25px;\"><div class=\"single-post-content clearfix\">\n<p>Ob Sie die H\u00fcgel, die Geraden oder einfach nur das Gef\u00fchl der Freiheit lieben, wenn die Stra\u00dfe Sie immer weiter f\u00fchrt, Sie werden hier etwas finden, das Sie lieben. Der Radregion Bayerisch B\u00f6hmische B\u00e4der vereint <strong>das Beste von beiden Seiten der Grenze<\/strong>. Tschechische Gastfreundschaft, bayerische Ordnung, dazu Dutzende von Routen unterschiedlicher L\u00e4nge und Schwierigkeit. Sie k\u00f6nnen sich fit halten, einen entspannenden Ausflug mit den Kindern machen oder einfach durch die Landschaft wandern und Orte entdecken, die Ruhe atmen. Sie finden Spuren m\u00e4chtiger geologischer Kr\u00e4fte, ein Gebiet mit der h\u00f6chsten Konzentration an Heilquellen der Welt, von der UNESCO anerkannte Kurorte und eine Landschaft, die sich ihre Reinheit und Wildheit bewahrt hat.<\/p>\n<p>Und was ist das Beste? Jeder Tritt in die Pedale tut nicht nur Ihren Muskeln gut, sondern auch Ihrem Kopf. Auf dem Fahrrad werden Sie langsamer, k\u00f6nnen Ihre Gedanken ordnen und weiterfahren. Kein Stress, kein L\u00e4rm, nur der Wind im R\u00fccken. Und wer wei\u00df, vielleicht entdecken Sie hier eine Strecke, auf die Sie immer wieder zur\u00fcckkommen wollen. Die 9 verschiedenen Etappen, 11 Familientouren und 17 Rundwege ergeben zusammen Dutzende von M\u00f6glichkeiten, die Kurregion und die Natur vom Fahrradsattel aus zu entdecken. <strong>Heute stellen wir drei davon vor &#8211; eine aus jeder Kategorie.<\/strong> Beginnen wir mit einer Route f\u00fcr abenteuerlustige und hartgesottene Radfahrer.<\/p>\n<\/div>\n<\/div><\/div><style type=\"text\/css\">.fusion-body .fusion-builder-column-1{width:100% !important;margin-top : 0px;margin-bottom : 0px;}.fusion-builder-column-1 > .fusion-column-wrapper {padding-top : 0px !important;padding-right : 0px !important;margin-right : 1.92%;padding-bottom : 0px !important;padding-left : 0px !important;margin-left : 1.92%;}@media only screen and (max-width:1024px) {.fusion-body .fusion-builder-column-1{width:100% !important;order : 0;}.fusion-builder-column-1 > .fusion-column-wrapper {margin-right : 1.92%;margin-left : 1.92%;}}@media only screen and (max-width:640px) {.fusion-body .fusion-builder-column-1{width:100% !important;order : 0;}.fusion-builder-column-1 > .fusion-column-wrapper {margin-right : 1.92%;margin-left : 1.92%;}}<\/style><\/div><div class=\"fusion-layout-column fusion_builder_column fusion-builder-column-2 fusion_builder_column_1_1 1_1 fusion-flex-column\"><div class=\"fusion-column-wrapper fusion-flex-justify-content-flex-start fusion-content-layout-column\" style=\"background-position:left top;background-repeat:no-repeat;-webkit-background-size:cover;-moz-background-size:cover;-o-background-size:cover;background-size:cover;padding: 0px 0px 0px 0px;\"><div ><span class=\" fusion-imageframe imageframe-none imageframe-1 hover-type-none\"><img decoding=\"async\" width=\"2449\" height=\"1633\" title=\"\u017dK-cyklo_u_Oh\u0159e-8 Vl\u00e1\u010fa_Surmaj\" src=\"https:\/\/zivykraj.cz\/wp-content\/uploads\/2025\/05\/ZK-cyklo_u_Ohre-8-Vlada_Surmaj.jpg\" data-orig-src=\"https:\/\/zivykraj.cz\/wp-content\/uploads\/2025\/05\/ZK-cyklo_u_Ohre-8-Vlada_Surmaj.jpg\" alt class=\"lazyload img-responsive wp-image-84355\" srcset=\"data:image\/svg+xml,%3Csvg%20xmlns%3D%27http%3A%2F%2Fwww.w3.org%2F2000%2Fsvg%27%20width%3D%272449%27%20height%3D%271633%27%20viewBox%3D%270%200%202449%201633%27%3E%3Crect%20width%3D%272449%27%20height%3D%271633%27%20fill-opacity%3D%220%22%2F%3E%3C%2Fsvg%3E\" data-srcset=\"https:\/\/zivykraj.cz\/wp-content\/uploads\/2025\/05\/ZK-cyklo_u_Ohre-8-Vlada_Surmaj-200x133.jpg 200w, https:\/\/zivykraj.cz\/wp-content\/uploads\/2025\/05\/ZK-cyklo_u_Ohre-8-Vlada_Surmaj-400x267.jpg 400w, https:\/\/zivykraj.cz\/wp-content\/uploads\/2025\/05\/ZK-cyklo_u_Ohre-8-Vlada_Surmaj-600x400.jpg 600w, https:\/\/zivykraj.cz\/wp-content\/uploads\/2025\/05\/ZK-cyklo_u_Ohre-8-Vlada_Surmaj-800x533.jpg 800w, https:\/\/zivykraj.cz\/wp-content\/uploads\/2025\/05\/ZK-cyklo_u_Ohre-8-Vlada_Surmaj-1200x800.jpg 1200w, https:\/\/zivykraj.cz\/wp-content\/uploads\/2025\/05\/ZK-cyklo_u_Ohre-8-Vlada_Surmaj.jpg 2449w\" data-sizes=\"auto\" data-orig-sizes=\"(max-width: 1024px) 100vw, (max-width: 640px) 100vw, 1200px\" \/><\/span><\/div><div class=\"fusion-text fusion-text-3\" style=\"margin-top:25px;\"><p><strong>Etappe 5: Ein Weg, der jeden Schritt wert ist<\/strong><\/p>\n<p>Wenn Sie Lust auf eine l\u00e4ngere Tour haben, bei der Sie k\u00f6rperliche Bet\u00e4tigung mit Entspannung und Erkundung verbinden, ist die f\u00fcnfte Etappe genau das Richtige f\u00fcr Sie. Sie f\u00fchrt Sie vom historischen Marienbad (Mari\u00e1nsk\u00e9 L\u00e1zn\u011b) \u00fcber die wald- und wasserreiche Hochebene des Kaiserwaldes nach Karlsbad, einem der bekanntesten <strong>Kurorte des westb\u00f6hmischen B\u00e4derdreiecks.<\/strong> Ob Sie auf der Suche nach Leistung oder Ruhe sind, es erwartet Sie eine Reise voller Kontraste und Erlebnisse.<\/p>\n<p>Der Weg ist zun\u00e4chst einfach. Sie fahren durch die Kurstra\u00dfen von Marienbad, zwischen Kolonnaden und Villen mit edler Atmosph\u00e4re. Dann taucht die Stra\u00dfe in die Landschaft ein. Waldasphalt und Schotterabschnitte f\u00fchren Sie \u00fcber die Hochebene, wo Aussichten und heilsame Stille auf Sie warten.<\/p>\n<\/div><div ><span class=\" fusion-imageframe imageframe-none imageframe-2 hover-type-none\"><img decoding=\"async\" width=\"2560\" height=\"1706\" title=\"P\u0159\u00edrodn\u00ed rezervace K\u0159\u00ed\u017eky_Petr Ln\u011bni\u010dka, kvpoint.cz\" src=\"https:\/\/zivykraj.cz\/wp-content\/uploads\/2025\/05\/Prirodni-rezervace-Krizky_Petr-Lnenicka-kvpoint.cz_-scaled.jpg\" data-orig-src=\"https:\/\/zivykraj.cz\/wp-content\/uploads\/2025\/05\/Prirodni-rezervace-Krizky_Petr-Lnenicka-kvpoint.cz_-scaled.jpg\" alt class=\"lazyload img-responsive wp-image-84362\" srcset=\"data:image\/svg+xml,%3Csvg%20xmlns%3D%27http%3A%2F%2Fwww.w3.org%2F2000%2Fsvg%27%20width%3D%272560%27%20height%3D%271706%27%20viewBox%3D%270%200%202560%201706%27%3E%3Crect%20width%3D%272560%27%20height%3D%271706%27%20fill-opacity%3D%220%22%2F%3E%3C%2Fsvg%3E\" data-srcset=\"https:\/\/zivykraj.cz\/wp-content\/uploads\/2025\/05\/Prirodni-rezervace-Krizky_Petr-Lnenicka-kvpoint.cz_-200x133.jpg 200w, https:\/\/zivykraj.cz\/wp-content\/uploads\/2025\/05\/Prirodni-rezervace-Krizky_Petr-Lnenicka-kvpoint.cz_-400x267.jpg 400w, https:\/\/zivykraj.cz\/wp-content\/uploads\/2025\/05\/Prirodni-rezervace-Krizky_Petr-Lnenicka-kvpoint.cz_-600x400.jpg 600w, https:\/\/zivykraj.cz\/wp-content\/uploads\/2025\/05\/Prirodni-rezervace-Krizky_Petr-Lnenicka-kvpoint.cz_-800x533.jpg 800w, https:\/\/zivykraj.cz\/wp-content\/uploads\/2025\/05\/Prirodni-rezervace-Krizky_Petr-Lnenicka-kvpoint.cz_-1200x800.jpg 1200w, https:\/\/zivykraj.cz\/wp-content\/uploads\/2025\/05\/Prirodni-rezervace-Krizky_Petr-Lnenicka-kvpoint.cz_-scaled.jpg 2560w\" data-sizes=\"auto\" data-orig-sizes=\"(max-width: 1024px) 100vw, (max-width: 640px) 100vw, 1200px\" \/><\/span><\/div><div class=\"fusion-text fusion-text-4\" style=\"margin-top:25px;\"><p>Unterwegs treffen Sie auf au\u00dfergew\u00f6hnliche Naturlandschaften und Orte mit Seele. Zum Beispiel <strong>das Nationale Naturdenkmal K\u0159\u00ed\u017eky<\/strong> oder <strong>die Upol\u00edn-Wiese<\/strong>. Im <a href=\"http:\/\/www.omks.cz\/main.php?page=hornicke-muzeum-krasno\">Bergbaumuseum Kr\u00e1sno<\/a> lernen Sie die Bergbaugeschichte des Kaiserwald (Slavkovsk\u00fd les) kennen und entdecken die Geschichte einer Region, die vom Erz- und Zinnbergbau gepr\u00e4gt wurde. Die lokale Bergbautradition hat hier tiefe Spuren hinterlassen, sowohl im w\u00f6rtlichen als auch im \u00fcbertragenen Sinne.<\/p>\n<p>Beim Abstieg ins Oh\u0159e-Tal er\u00f6ffnen sich neue Ausblicke &#8211; und unter ihnen taucht pl\u00f6tzlich die mittelalterliche <a href=\"https:\/\/www.hradloket.cz\/de\/\">Burg Loket<\/a> auf, die wie ein Juwel in den M\u00e4andern des Flusses liegt. Eine Stadt mit einer Burg wie aus einem Roman unterstreicht den Charme dieses Abschnitts der Route. Und nur ein wenig weiter erwarten Sie die ber\u00fchmten <strong>Svato\u0161sk\u00e9 Felsen<\/strong>. Die Granitt\u00fcrme, um die sich die Legende von der versteinerten Hochzeit rankt, bilden eine beeindruckende Kulisse f\u00fcr eine Rast, einen Snack und ein unvergessliches Foto.<\/p>\n<p>Am Ende der Etappe werden Sie von den hei\u00dfen Karlsbader Mineralquellen empfangen, die ideal sind, um neue Energie zu tanken. Ob Sie sich mit einer Oblate in der Hand auf eine Bank setzen oder direkt zur Quelle gehen, jeder Schritt ist es wert.<\/p>\n<ul>\n<li><strong>Bedeutende Punkte:<\/strong> Marienbad (Mari\u00e1nsk\u00e9 L\u00e1zn\u011b) &#8211; Kr\u00e1sno &#8211; Karlsbad (Karlovy Vary)<\/li>\n<li><strong>L\u00e4nge:<\/strong> 54,2 km<\/li>\n<li><strong>Steigung:<\/strong> 439 m<\/li>\n<li><strong>Oberfl\u00e4che:<\/strong> Asphalt, Schotter<\/li>\n<\/ul>\n<p><strong>Schwierigkeitsgrad:<\/strong> mittel<\/p>\n<\/div><\/div><style type=\"text\/css\">.fusion-body .fusion-builder-column-2{width:100% !important;margin-top : 0px;margin-bottom : 0px;}.fusion-builder-column-2 > .fusion-column-wrapper {padding-top : 0px !important;padding-right : 0px !important;margin-right : 1.92%;padding-bottom : 0px !important;padding-left : 0px !important;margin-left : 1.92%;}@media only screen and (max-width:1024px) {.fusion-body .fusion-builder-column-2{width:100% !important;order : 0;}.fusion-builder-column-2 > .fusion-column-wrapper {margin-right : 1.92%;margin-left : 1.92%;}}@media only screen and (max-width:640px) {.fusion-body .fusion-builder-column-2{width:100% !important;order : 0;}.fusion-builder-column-2 > .fusion-column-wrapper {margin-right : 1.92%;margin-left : 1.92%;}}<\/style><\/div><div class=\"fusion-layout-column fusion_builder_column fusion-builder-column-3 fusion_builder_column_1_1 1_1 fusion-flex-column\"><div class=\"fusion-column-wrapper fusion-flex-justify-content-flex-start fusion-content-layout-column\" style=\"background-position:left top;background-repeat:no-repeat;-webkit-background-size:cover;-moz-background-size:cover;-o-background-size:cover;background-size:cover;padding: 0px 0px 0px 0px;\"><div ><span class=\" fusion-imageframe imageframe-none imageframe-3 hover-type-none\"><img decoding=\"async\" width=\"2560\" height=\"1708\" title=\"Loket_cyklo-1 Vl\u00e1\u010fa_Surmaj\" src=\"https:\/\/zivykraj.cz\/wp-content\/uploads\/2025\/05\/Loket_cyklo-1-Vlada_Surmaj-scaled.jpg\" data-orig-src=\"https:\/\/zivykraj.cz\/wp-content\/uploads\/2025\/05\/Loket_cyklo-1-Vlada_Surmaj-scaled.jpg\" alt class=\"lazyload img-responsive wp-image-84366\" srcset=\"data:image\/svg+xml,%3Csvg%20xmlns%3D%27http%3A%2F%2Fwww.w3.org%2F2000%2Fsvg%27%20width%3D%272560%27%20height%3D%271708%27%20viewBox%3D%270%200%202560%201708%27%3E%3Crect%20width%3D%272560%27%20height%3D%271708%27%20fill-opacity%3D%220%22%2F%3E%3C%2Fsvg%3E\" data-srcset=\"https:\/\/zivykraj.cz\/wp-content\/uploads\/2025\/05\/Loket_cyklo-1-Vlada_Surmaj-200x133.jpg 200w, https:\/\/zivykraj.cz\/wp-content\/uploads\/2025\/05\/Loket_cyklo-1-Vlada_Surmaj-400x267.jpg 400w, https:\/\/zivykraj.cz\/wp-content\/uploads\/2025\/05\/Loket_cyklo-1-Vlada_Surmaj-600x400.jpg 600w, https:\/\/zivykraj.cz\/wp-content\/uploads\/2025\/05\/Loket_cyklo-1-Vlada_Surmaj-800x534.jpg 800w, https:\/\/zivykraj.cz\/wp-content\/uploads\/2025\/05\/Loket_cyklo-1-Vlada_Surmaj-1200x800.jpg 1200w, https:\/\/zivykraj.cz\/wp-content\/uploads\/2025\/05\/Loket_cyklo-1-Vlada_Surmaj-scaled.jpg 2560w\" data-sizes=\"auto\" data-orig-sizes=\"(max-width: 1024px) 100vw, (max-width: 640px) 100vw, 1200px\" \/><\/span><\/div><div class=\"fusion-text fusion-text-5\" style=\"margin-top:25px;\"><div class=\"single-post-content clearfix\">\n<p><strong>Mit den Kindern im Sattel: Eine Reise in die Geschichte der Erde<\/strong><\/p>\n<p>Ein Familienausflug mit dem Fahrrad? Eine gute Wahl! Zeit zu zweit, ohne Telefon, ohne Eile, nur Sie, die Kinder und eine Entdeckungsreise. Jeder Kilometer ist ein neues Erlebnis, jeder Halt eine Chance, gemeinsam zu \u201ebegeistern\u201c. Und <strong>die Route mit dem Titel: Reise in die Geschichte der Erde?<\/strong> Sie ist perfekt f\u00fcr kleine und gro\u00dfe Entdecker. Sie ist kurz, sicher, flach&#8230; aber definitiv nicht langweilig. Sie bietet so viele Momente, dass selbst die Kleinsten \u00fcber das Gesehene und Erlebte sprechen werden.<\/p>\n<p>Sie starten in<strong> Franzensbad<\/strong> (<strong>Franti\u0161kovy L\u00e1zn\u011b)<\/strong> und befinden sich schon nach wenigen Kilometern in einer Landschaft, die eher an den Planeten Mars als an Westb\u00f6hmen erinnert. Die Route f\u00fchrt Sie in <a href=\"https:\/\/www.frantiskovy-lazne.info\/de\/interessante-orte\/nationales-naturschutzgebiet-soos_347\">das atemberaubende Naturreservat Soos<\/a>. Und hier wird es spannend. Der Boden wird unter Ihren F\u00fc\u00dfen blubbern, Dampf wird aus den Rissen aufsteigen und Kinder werden fasziniert die \u201eMofets\u201c sehen, Gasschlote, die kleinen Geysiren \u00e4hneln, und Sie werden sich auf den Holzstegen wie auf einer Expedition f\u00fchlen.<\/p>\n<\/div>\n<\/div><div ><span class=\" fusion-imageframe imageframe-none imageframe-4 hover-type-none\"><img decoding=\"async\" width=\"2560\" height=\"1708\" title=\"seeberg-9_Vl\u00e1\u010fa_Surmaj\" src=\"https:\/\/zivykraj.cz\/wp-content\/uploads\/2025\/05\/seeberg-9_Vlada_Surmaj-scaled.jpg\" data-orig-src=\"https:\/\/zivykraj.cz\/wp-content\/uploads\/2025\/05\/seeberg-9_Vlada_Surmaj-scaled.jpg\" alt class=\"lazyload img-responsive wp-image-84370\" srcset=\"data:image\/svg+xml,%3Csvg%20xmlns%3D%27http%3A%2F%2Fwww.w3.org%2F2000%2Fsvg%27%20width%3D%272560%27%20height%3D%271708%27%20viewBox%3D%270%200%202560%201708%27%3E%3Crect%20width%3D%272560%27%20height%3D%271708%27%20fill-opacity%3D%220%22%2F%3E%3C%2Fsvg%3E\" data-srcset=\"https:\/\/zivykraj.cz\/wp-content\/uploads\/2025\/05\/seeberg-9_Vlada_Surmaj-200x133.jpg 200w, https:\/\/zivykraj.cz\/wp-content\/uploads\/2025\/05\/seeberg-9_Vlada_Surmaj-400x267.jpg 400w, https:\/\/zivykraj.cz\/wp-content\/uploads\/2025\/05\/seeberg-9_Vlada_Surmaj-600x400.jpg 600w, https:\/\/zivykraj.cz\/wp-content\/uploads\/2025\/05\/seeberg-9_Vlada_Surmaj-800x534.jpg 800w, https:\/\/zivykraj.cz\/wp-content\/uploads\/2025\/05\/seeberg-9_Vlada_Surmaj-1200x800.jpg 1200w, https:\/\/zivykraj.cz\/wp-content\/uploads\/2025\/05\/seeberg-9_Vlada_Surmaj-scaled.jpg 2560w\" data-sizes=\"auto\" data-orig-sizes=\"(max-width: 1024px) 100vw, (max-width: 640px) 100vw, 1200px\" \/><\/span><\/div><div class=\"fusion-text fusion-text-6\" style=\"margin-top:25px;\"><div class=\"single-post-content clearfix\">\n<p>Wenn Sie sich an Soos satt gesehen haben, fahren Sie weiter in Richtung <strong>Skaln\u00e1<\/strong>, wo Sie in der Ferne die Silhouette von <a href=\"https:\/\/www.frantiskovy-lazne.info\/de\/interessante-orte\/burg-seeberg_345\">Burg Seeberg<\/a> <strong>(Ostroh)<\/strong> sehen k\u00f6nnen. Dieses romantische Schloss am Ufer der Oh\u0159e l\u00e4sst Sie buchst\u00e4blich in die Geschichte eintauchen. Hier finden Sie eine Ausstellung alter M\u00f6bel, Beispiele f\u00fcr traditionelles Handwerk und stilvoll eingerichtete Zimmer. Au\u00dferdem bietet es angenehme Einrichtungen, in denen Sie einen Imbiss oder ein Picknick unter den B\u00e4umen einnehmen k\u00f6nnen.<\/p>\n<p>Die gesamte Strecke ist einfach und ideal f\u00fcr Anf\u00e4nger, egal ob sie alleine, im Sitz oder im Rollstuhl unterwegs sind. <strong>Ausfl\u00fcge mit Kindern haben ihre eigenen Regeln:<\/strong> Es muss etwas zu entdecken geben, etwas zum Anhalten und etwas, wof\u00fcr man sich begeistern kann. Und genau das findet man hier. Auf dieser Route z\u00e4hlt man keine Kilometer, sondern Erlebnisse. Die gemeinsamen Fotos, die ersten Kilometer ohne Rad, das Lachen und das stille \u201eWow\u201c bei Naturph\u00e4nomenen. Eine Reise, die sich in Ihr Ged\u00e4chtnis einbrennt und die Sie bald wiederholen m\u00f6chten.<\/p>\n<ul>\n<li><strong>Wichtige Punkte:<\/strong> Franzensbad (Franti\u0161kovy L\u00e1zn\u011b) &#8211; Soos &#8211; Skaln\u00e1 &#8211; Ostroh<\/li>\n<li><strong>L\u00e4nge:<\/strong> 31,7 km<\/li>\n<li><strong>Steigung:<\/strong> 110 m<\/li>\n<li><strong>Oberfl\u00e4che:<\/strong> gr\u00f6\u00dftenteils Asphalt und gepflasterte Stra\u00dfe<\/li>\n<\/ul>\n<p><strong>Schwierigkeitsgrad:<\/strong> leicht<\/p>\n<\/div>\n<\/div><div ><span class=\" fusion-imageframe imageframe-none imageframe-5 hover-type-none\"><img decoding=\"async\" width=\"1037\" height=\"695\" title=\"Sn\u00edmek obrazovky 2025-05-15 141342\" src=\"https:\/\/zivykraj.cz\/wp-content\/uploads\/2025\/05\/Snimek-obrazovky-2025-05-15-141342-1.jpg\" data-orig-src=\"https:\/\/zivykraj.cz\/wp-content\/uploads\/2025\/05\/Snimek-obrazovky-2025-05-15-141342-1.jpg\" alt class=\"lazyload img-responsive wp-image-84378\" srcset=\"data:image\/svg+xml,%3Csvg%20xmlns%3D%27http%3A%2F%2Fwww.w3.org%2F2000%2Fsvg%27%20width%3D%271037%27%20height%3D%27695%27%20viewBox%3D%270%200%201037%20695%27%3E%3Crect%20width%3D%271037%27%20height%3D%27695%27%20fill-opacity%3D%220%22%2F%3E%3C%2Fsvg%3E\" data-srcset=\"https:\/\/zivykraj.cz\/wp-content\/uploads\/2025\/05\/Snimek-obrazovky-2025-05-15-141342-1-200x134.jpg 200w, https:\/\/zivykraj.cz\/wp-content\/uploads\/2025\/05\/Snimek-obrazovky-2025-05-15-141342-1-400x268.jpg 400w, https:\/\/zivykraj.cz\/wp-content\/uploads\/2025\/05\/Snimek-obrazovky-2025-05-15-141342-1-600x402.jpg 600w, https:\/\/zivykraj.cz\/wp-content\/uploads\/2025\/05\/Snimek-obrazovky-2025-05-15-141342-1-800x536.jpg 800w, https:\/\/zivykraj.cz\/wp-content\/uploads\/2025\/05\/Snimek-obrazovky-2025-05-15-141342-1.jpg 1037w\" data-sizes=\"auto\" data-orig-sizes=\"(max-width: 1024px) 100vw, (max-width: 640px) 100vw, 1037px\" \/><\/span><\/div><div class=\"fusion-text fusion-text-7\" style=\"margin-top:25px;\"><div class=\"single-post-content clearfix\">\n<p><strong>Route Nr. 17: Der Rundweg, der Sie ans Ziel bringt &#8211; Die Basaltorgel<\/strong><\/p>\n<p>Haben Sie Lust, sich auf Ihr Fahrrad zu schwingen und einen Tag zu erleben, der alles bietet? H\u00fcgel, die Ihre Beine auf die Probe stellen, Abfahrten, die Sie zum L\u00e4cheln bringen, Ausblicke auf die Landschaft, die sich mit jedem Kilometer ver\u00e4ndern, und vor allem Orte, die Atmosph\u00e4re haben? <strong>Die Route 17 von Karlsbad (Karlovy Vary)<\/strong> aus ist perfekt f\u00fcr alle, die es gerne etwas ruhiger angehen lassen. Egal, ob Sie allein oder zu zweit unterwegs sind, Sie werden es hier in vollen Z\u00fcgen genie\u00dfen.<\/p>\n<p>Zu Beginn ist es wie in einem Spa, aber sobald man die Kolonnaden verl\u00e4sst, schaltet man in den Abenteuermodus und beginnt, durch die bewaldete Landschaft des Kaiserwald (Slavkovsk\u00fd les) zu klettern. Waldwege wechseln sich mit kurvenreichen Stra\u00dfen ab, und ab und zu er\u00f6ffnet sich zwischen den B\u00e4umen eine Aussicht, die einen zum Innehalten und Schauen zwingt. Wenn Sie sich nicht scheuen, ein wenig in die Pedale zu treten, werden Sie mit einem der sch\u00f6nsten Momente der gesamten Strecke belohnt. Zwischen den B\u00e4umen taucht pl\u00f6tzlich <a href=\"https:\/\/zamek-becov.cz\/de\">Be\u010dov nad Teplou<\/a> auf &#8211; ein m\u00e4rchenhaftes Schloss, das auf einem Felsen \u00fcber dem Fluss thront, mit einem Platz darunter, der zum Verweilen einl\u00e4dt. M\u00f6chten Sie eine Limonade? Oder einen Kuchen? Wie w\u00e4re es mit einem kleinen Ausflug in die Geschichte? In der Burg Be\u010dov finden Sie die Reliquie des <strong>Heiligen Maurus<\/strong>, einen mittelalterlichen Schatz mit einer geheimnisvollen Geschichte.<\/p>\n<\/div>\n<\/div><div ><span class=\" fusion-imageframe imageframe-none imageframe-6 hover-type-none\"><img decoding=\"async\" width=\"2560\" height=\"1707\" title=\"Bec\u030cov_cyklo-53 Vl\u00e1\u010fa_Surmaj\" src=\"https:\/\/zivykraj.cz\/wp-content\/uploads\/2025\/05\/Becov_cyklo-53-Vlada_Surmaj-scaled.jpg\" data-orig-src=\"https:\/\/zivykraj.cz\/wp-content\/uploads\/2025\/05\/Becov_cyklo-53-Vlada_Surmaj-scaled.jpg\" alt class=\"lazyload img-responsive wp-image-84382\" srcset=\"data:image\/svg+xml,%3Csvg%20xmlns%3D%27http%3A%2F%2Fwww.w3.org%2F2000%2Fsvg%27%20width%3D%272560%27%20height%3D%271707%27%20viewBox%3D%270%200%202560%201707%27%3E%3Crect%20width%3D%272560%27%20height%3D%271707%27%20fill-opacity%3D%220%22%2F%3E%3C%2Fsvg%3E\" data-srcset=\"https:\/\/zivykraj.cz\/wp-content\/uploads\/2025\/05\/Becov_cyklo-53-Vlada_Surmaj-200x133.jpg 200w, https:\/\/zivykraj.cz\/wp-content\/uploads\/2025\/05\/Becov_cyklo-53-Vlada_Surmaj-400x267.jpg 400w, https:\/\/zivykraj.cz\/wp-content\/uploads\/2025\/05\/Becov_cyklo-53-Vlada_Surmaj-600x400.jpg 600w, https:\/\/zivykraj.cz\/wp-content\/uploads\/2025\/05\/Becov_cyklo-53-Vlada_Surmaj-800x534.jpg 800w, https:\/\/zivykraj.cz\/wp-content\/uploads\/2025\/05\/Becov_cyklo-53-Vlada_Surmaj-1200x800.jpg 1200w, https:\/\/zivykraj.cz\/wp-content\/uploads\/2025\/05\/Becov_cyklo-53-Vlada_Surmaj-scaled.jpg 2560w\" data-sizes=\"auto\" data-orig-sizes=\"(max-width: 1024px) 100vw, (max-width: 640px) 100vw, 1200px\" \/><\/span><\/div><div class=\"fusion-text fusion-text-8\" style=\"margin-top:25px;\"><div class=\"single-post-content clearfix\">\n<p>Von Be\u010dov aus kehrt man in den Sattel zur\u00fcck, aber es gibt keinen Wettlauf mit der Zeit. Die Weiterfahrt ist wie ein sanfter \u00dcbergang zu einem anderen Kapitel. Sie sind auf dem Weg nach <a href=\"https:\/\/www.hornislavkov.cz\/de\/\">Horn\u00ed Slavkov<\/a>. Eine Stadt, die einst eine <strong>Bergbaumetropole<\/strong> war. Heute klingelt niemand mehr zur Schicht, aber der Charme der alten H\u00e4user und die Geschichte, die tief unter der Erde geschrieben wurde, liegt noch immer in der Luft.<\/p>\n<p>Und dann kommt der H\u00f6hepunkt der ganzen Reise <a href=\"https:\/\/mapy.com\/cs\/zakladni?source=base&amp;id=1721862&amp;x=12.9015843&amp;y=50.1221162&amp;z=18\">&#8211; die Basaltorgel<\/a> <strong>in Hlinky.<\/strong> Erwarten Sie kein Konzert, aber machen Sie sich auf ein Spektakel gefasst, das Kopf und K\u00f6rper gleicherma\u00dfen begeistert. Die Natur hat hier Architekt gespielt. Die erkaltete Lava hat sich in regelm\u00e4\u00dfige, sechseckige Basalts\u00e4ulen verwandelt. Sie sind hoch, pr\u00e4zise und so beeindruckend, dass man sie anfassen m\u00f6chte. Der perfekte Ort f\u00fcr ein Foto, einen Snack und stilles Staunen.<\/p>\n<p>Der R\u00fcckweg f\u00fchrt Sie bergab mit einem Kopf voller Eindr\u00fccke. W\u00e4lder, Wiesen, manchmal ein Ausblick, der einem den Atem raubt. Und das gute Gef\u00fchl, durch eine Landschaft gelaufen zu sein, in der jeder Ort etwas zu sagen hatte.<\/p>\n<ul>\n<li><strong>Wichtige Punkte:<\/strong> Karlsbad (Karlovy Vary) &#8211; Be\u010dov nad Teplou &#8211; Horn\u00ed Slavkov<\/li>\n<li><strong>L\u00e4nge:<\/strong> 58,2 km<\/li>\n<li><strong>H\u00f6henunterschied:<\/strong> 854 m<\/li>\n<li><strong>Oberfl\u00e4che:<\/strong> Asphalt und befestigte Waldwege<\/li>\n<\/ul>\n<p><strong>Schwierigkeitsgrad:<\/strong> mittel<\/p>\n<\/div>\n<p><strong>Es k\u00f6nnte sich als n\u00fctzlich erweisen<\/strong><\/p>\n<p>Wenn Ihnen drei Routen nicht ausreichen, werfen Sie einen Blick in die Brosch\u00fcre <a href=\"https:\/\/www.radregion-bayern-boehmen.de\/\">der Radregion Bayerisch B\u00f6hmische B\u00e4der<\/a>. Dort finden Sie viele weitere Tipps f\u00fcr Touren f\u00fcr jede Stimmung und Kondition.<\/p>\n<p>Au\u00dferdem k\u00f6nnen Sie mit dem <strong>EgroNet<\/strong>-Ticket <strong>Ihr Fahrrad<\/strong> in der Region Karlsbad und in ausgew\u00e4hlten Regionen Bayerns, Th\u00fcringens und Sachsens <strong>kostenlos<\/strong> in Z\u00fcgen, Bussen und \u00f6ffentlichen Verkehrsmitteln mitnehmen. Mehr Informationen <a href=\"https:\/\/www.cd.cz\/en\/typy-jizdenek\/mezinarodni-jizdenky\/-28285\/\">hier<\/a>.<\/p>\n<p>Sie k\u00f6nnen die Radrouten der Region Karlovy Vary auf Ihr Navigationssystem herunterladen oder in <a href=\"https:\/\/mapy.com\/de\/turisticka?x=15.6252330&amp;y=49.8022514&amp;z=8\">Meine Karte<\/a> speichern.<\/p>\n<p>Und f\u00fcr ein angenehmeres Reiseerlebnis empfehlen wir Ihnen die Nutzung von Unterk\u00fcnften und Gastronomiebetrieben, Campingpl\u00e4tzen und touristischen Zielen, wo Sie perfekte Einrichtungen f\u00fcr Sie und Ihre Fahrr\u00e4der vorfinden. F\u00fcr weitere Informationen klicken Sie bitte <a href=\"https:\/\/www.cyklistevitani.cz\/?lang=de-DE\">hier<\/a>.<\/p>\n<\/div><div class=\"fusion-text fusion-text-9\" style=\"margin-top:25px;\"><div class=\"single-post-content clearfix\">\n<p><b>M\u016f\u017ee se hodit<\/b><\/p>\n<p><span style=\"font-weight: 400;\">Pokud v\u00e1m t\u0159i trasy nesta\u010d\u00ed, nahl\u00e9dn\u011bte do<\/span><a href=\"https:\/\/www.cykloregion-cesko-bavorske-lazne.cz\/cs\/\"> <span style=\"font-weight: 400;\">bro\u017eury Cykloregionu \u010cesko-bavorsk\u00fdch l\u00e1zn\u00ed<\/span><\/a><span style=\"font-weight: 400;\">. Najdete v n\u00ed spoustu dal\u0161\u00edch tip\u016f na v\u00fdlety pro ka\u017edou n\u00e1ladu i kondici.<\/span><\/p>\n<p><span style=\"font-weight: 400;\">Nav\u00edc s j\u00edzdenkou <\/span><b>EgroNet <\/b><span style=\"font-weight: 400;\">m\u00e1te <\/span><b>p\u0159epravu j\u00edzdn\u00edch kol zdarma<\/b><span style=\"font-weight: 400;\"> ve vlac\u00edch, autobusech a MHD v regionu Karlovarsk\u00e9ho kraje a vybran\u00fdch regionech Bavorska, Durynska a Saska. V\u00edce informac\u00ed najdete <\/span><a href=\"https:\/\/www.cd.cz\/typy-jizdenek\/mezinarodni-jizdenky\/-27130\/\"><span style=\"font-weight: 400;\">zde<\/span><\/a><span style=\"font-weight: 400;\">.\u00a0<\/span><\/p>\n<p><span style=\"font-weight: 400;\">Cyklotrasy Karlovarsk\u00e9ho kraje si m\u016f\u017eete st\u00e1hnout do navigace nebo ulo\u017eit do <\/span><a href=\"http:\/\/www.mapy.cz\/\"><span style=\"font-weight: 400;\">Moje mapy<\/span><\/a><span style=\"font-weight: 400;\">.\u00a0<\/span><\/p>\n<p><span style=\"font-weight: 400;\">A pro p\u0159\u00edjemn\u011bj\u0161\u00ed cestov\u00e1n\u00ed doporu\u010dujeme vyu\u017e\u00edvat ubytovac\u00ed a stravovac\u00ed za\u0159\u00edzeni\u0301, kempy a turistick\u00e9 c\u00edle, kde se m\u016f\u017eete t\u011b\u0161it na perfektn\u00ed z\u00e1zem\u00ed pro v\u00e1s i va\u0161e kola. Bli\u017e\u0161\u00ed informace najdete <\/span><a href=\"http:\/\/www.cyklistevitani.cz\/\"><span style=\"font-weight: 400;\">zde<\/span><\/a><span style=\"font-weight: 400;\">.<\/span><\/p>\n<\/div>\n<\/div><div ><span class=\" fusion-imageframe imageframe-none imageframe-7 hover-type-none\"><img decoding=\"async\" width=\"2560\" height=\"1248\" title=\"PANA9257-Pano-2_Petr Slav\u00edk\" src=\"https:\/\/zivykraj.cz\/wp-content\/uploads\/2025\/05\/PANA9257-Pano-2_Petr-Slavik-scaled.jpg\" data-orig-src=\"https:\/\/zivykraj.cz\/wp-content\/uploads\/2025\/05\/PANA9257-Pano-2_Petr-Slavik-scaled.jpg\" alt class=\"lazyload img-responsive wp-image-84386\" srcset=\"data:image\/svg+xml,%3Csvg%20xmlns%3D%27http%3A%2F%2Fwww.w3.org%2F2000%2Fsvg%27%20width%3D%272560%27%20height%3D%271248%27%20viewBox%3D%270%200%202560%201248%27%3E%3Crect%20width%3D%272560%27%20height%3D%271248%27%20fill-opacity%3D%220%22%2F%3E%3C%2Fsvg%3E\" data-srcset=\"https:\/\/zivykraj.cz\/wp-content\/uploads\/2025\/05\/PANA9257-Pano-2_Petr-Slavik-200x98.jpg 200w, https:\/\/zivykraj.cz\/wp-content\/uploads\/2025\/05\/PANA9257-Pano-2_Petr-Slavik-400x195.jpg 400w, https:\/\/zivykraj.cz\/wp-content\/uploads\/2025\/05\/PANA9257-Pano-2_Petr-Slavik-600x293.jpg 600w, https:\/\/zivykraj.cz\/wp-content\/uploads\/2025\/05\/PANA9257-Pano-2_Petr-Slavik-800x390.jpg 800w, https:\/\/zivykraj.cz\/wp-content\/uploads\/2025\/05\/PANA9257-Pano-2_Petr-Slavik-1200x585.jpg 1200w, https:\/\/zivykraj.cz\/wp-content\/uploads\/2025\/05\/PANA9257-Pano-2_Petr-Slavik-scaled.jpg 2560w\" data-sizes=\"auto\" data-orig-sizes=\"(max-width: 1024px) 100vw, (max-width: 640px) 100vw, 1200px\" \/><\/span><\/div><\/div><style type=\"text\/css\">.fusion-body .fusion-builder-column-3{width:100% !important;margin-top : 0px;margin-bottom : 0px;}.fusion-builder-column-3 > .fusion-column-wrapper {padding-top : 0px !important;padding-right : 0px !important;margin-right : 1.92%;padding-bottom : 0px !important;padding-left : 0px !important;margin-left : 1.92%;}@media only screen and (max-width:1024px) {.fusion-body .fusion-builder-column-3{width:100% !important;order : 0;}.fusion-builder-column-3 > .fusion-column-wrapper {margin-right : 1.92%;margin-left : 1.92%;}}@media only screen and (max-width:640px) {.fusion-body .fusion-builder-column-3{width:100% !important;order : 0;}.fusion-builder-column-3 > .fusion-column-wrapper {margin-right : 1.92%;margin-left : 1.92%;}}<\/style><\/div><\/div><style type=\"text\/css\">.fusion-body .fusion-flex-container.fusion-builder-row-1{ padding-top : 0px;margin-top : 0px;padding-right : 0px;padding-bottom : 0px;margin-bottom : 0px;padding-left : 0px;}<\/style><\/div>\n","protected":false},"excerpt":{"rendered":"<p>Nach der Winterpause ist unsere Radsportserie wieder da &#8211; und l\u00e4dt Sie ein, sich gleich wieder in den Sattel zu schwingen! Stellen Sie sich vor, Sie treten in die Pedale auf einer ruhigen, von dichten W\u00e4ldern ges\u00e4umten Stra\u00dfe, vorbei an stillen Kurparks und geheimnisvollen Mooren, atmen die frische Luft ein und haben Zeit f\u00fcr sich, Ihre Gedanken oder f\u00fcr die Freude der Kinder, die Sie aufgeregt \u00fcberholen. Genau diese Zeit bietet Ihnen die b\u00f6hmisch-bayerische Kurradregion.<\/p>\n","protected":false},"author":1,"featured_media":84349,"comment_status":"open","ping_status":"open","sticky":false,"template":"","format":"standard","meta":{"_acf_changed":false,"inline_featured_image":false,"footnotes":""},"categories":[466,394,583,396],"tags":[584,592,783,798],"acf":[],"yoast_head":"<!-- This site is optimized with the Yoast SEO plugin v22.3 - https:\/\/yoast.com\/wordpress\/plugins\/seo\/ -->\n<title>Karlsbader Senkrechtstarter VII: Willkommen in der Radregion Bayerisch-B\u00f6hmische B\u00e4der | \u017divyKraj.cz<\/title>\n<meta name=\"description\" content=\"Po zimn\u00ed pauze je n\u00e1\u0161 cyklistick\u00fd seri\u00e1l zp\u011bt \u2013 a hned v\u00e1s zve do sedla! P\u0159edstavte si, \u017ee \u0161lapete klidnou cestou lemovanou hust\u00fdmi lesy, m\u00edj\u00edte tich\u00e9 l\u00e1ze\u0148sk\u00e9 parky i tajemn\u00e1 ra\u0161elini\u0161t\u011b, d\u00fdch\u00e1te \u010derstv\u00fd vzduch a m\u00e1te \u010das jen pro sebe, pro sv\u00e9 my\u0161lenky, nebo pro radost d\u011bt\u00ed, kter\u00e9 v\u00e1s nad\u0161en\u011b p\u0159edj\u00ed\u017ed\u011bj\u00ed. P\u0159esn\u011b takov\u00e9 chv\u00edle v\u00e1m nab\u00edz\u00ed cykloregion \u010cesko-bavorsk\u00e9 l\u00e1zn\u011b.\" \/>\n<meta name=\"robots\" content=\"index, follow, max-snippet:-1, max-image-preview:large, max-video-preview:-1\" \/>\n<link rel=\"canonical\" href=\"https:\/\/zivykraj.cz\/de\/aktivitaten\/karlovarsko-kolmo-vii-vitejte-v-cykloregionu-cesko-bavorske-lazne\/\" \/>\n<meta property=\"og:locale\" content=\"de_DE\" \/>\n<meta property=\"og:type\" content=\"article\" \/>\n<meta property=\"og:title\" content=\"Karlsbader Senkrechtstarter VII: Willkommen in der Radregion Bayerisch-B\u00f6hmische B\u00e4der | \u017divyKraj.cz\" \/>\n<meta property=\"og:description\" content=\"Po zimn\u00ed pauze je n\u00e1\u0161 cyklistick\u00fd seri\u00e1l zp\u011bt \u2013 a hned v\u00e1s zve do sedla! P\u0159edstavte si, \u017ee \u0161lapete klidnou cestou lemovanou hust\u00fdmi lesy, m\u00edj\u00edte tich\u00e9 l\u00e1ze\u0148sk\u00e9 parky i tajemn\u00e1 ra\u0161elini\u0161t\u011b, d\u00fdch\u00e1te \u010derstv\u00fd vzduch a m\u00e1te \u010das jen pro sebe, pro sv\u00e9 my\u0161lenky, nebo pro radost d\u011bt\u00ed, kter\u00e9 v\u00e1s nad\u0161en\u011b p\u0159edj\u00ed\u017ed\u011bj\u00ed. P\u0159esn\u011b takov\u00e9 chv\u00edle v\u00e1m nab\u00edz\u00ed cykloregion \u010cesko-bavorsk\u00e9 l\u00e1zn\u011b.\" \/>\n<meta property=\"og:url\" content=\"https:\/\/zivykraj.cz\/de\/aktivitaten\/karlovarsko-kolmo-vii-vitejte-v-cykloregionu-cesko-bavorske-lazne\/\" \/>\n<meta property=\"og:site_name\" content=\"\u017divyKraj.cz\" \/>\n<meta property=\"article:published_time\" content=\"2025-05-19T13:06:45+00:00\" \/>\n<meta property=\"article:modified_time\" content=\"2025-05-19T13:11:15+00:00\" \/>\n<meta property=\"og:image\" content=\"https:\/\/zivykraj.cz\/wp-content\/uploads\/2025\/05\/P1011411_Petr-Slavik-scaled.jpg\" \/>\n\t<meta property=\"og:image:width\" content=\"2560\" \/>\n\t<meta property=\"og:image:height\" content=\"1920\" \/>\n\t<meta property=\"og:image:type\" content=\"image\/jpeg\" \/>\n<meta name=\"author\" content=\"admin\" \/>\n<meta name=\"twitter:card\" content=\"summary_large_image\" \/>\n<meta name=\"twitter:label1\" content=\"Verfasst von\" \/>\n\t<meta name=\"twitter:data1\" content=\"admin\" \/>\n\t<meta name=\"twitter:label2\" content=\"Gesch\u00e4tzte Lesezeit\" \/>\n\t<meta name=\"twitter:data2\" content=\"17 Minuten\" \/>\n<script type=\"application\/ld+json\" class=\"yoast-schema-graph\">{\"@context\":\"https:\/\/schema.org\",\"@graph\":[{\"@type\":\"Article\",\"@id\":\"https:\/\/zivykraj.cz\/de\/aktivitaten\/karlovarsko-kolmo-vii-vitejte-v-cykloregionu-cesko-bavorske-lazne\/#article\",\"isPartOf\":{\"@id\":\"https:\/\/zivykraj.cz\/de\/aktivitaten\/karlovarsko-kolmo-vii-vitejte-v-cykloregionu-cesko-bavorske-lazne\/\"},\"author\":{\"name\":\"admin\",\"@id\":\"https:\/\/zivykraj.cz\/de\/#\/schema\/person\/ab1f0ec064fefb752cd2d8e4a0c6acc8\"},\"headline\":\"Karlsbader Senkrechtstarter VII: Willkommen in der Radregion Bayerisch-B\u00f6hmische B\u00e4der\",\"datePublished\":\"2025-05-19T13:06:45+00:00\",\"dateModified\":\"2025-05-19T13:11:15+00:00\",\"mainEntityOfPage\":{\"@id\":\"https:\/\/zivykraj.cz\/de\/aktivitaten\/karlovarsko-kolmo-vii-vitejte-v-cykloregionu-cesko-bavorske-lazne\/\"},\"wordCount\":5534,\"commentCount\":0,\"publisher\":{\"@id\":\"https:\/\/zivykraj.cz\/de\/#organization\"},\"image\":{\"@id\":\"https:\/\/zivykraj.cz\/de\/aktivitaten\/karlovarsko-kolmo-vii-vitejte-v-cykloregionu-cesko-bavorske-lazne\/#primaryimage\"},\"thumbnailUrl\":\"https:\/\/zivykraj.cz\/wp-content\/uploads\/2025\/05\/P1011411_Petr-Slavik-scaled.jpg\",\"keywords\":[\"Aktivit\u00e4ten und Erlebnisse\",\"Radtouren\",\"Radwegen\",\"Tipps\"],\"articleSection\":[\"Aktivit\u00e4ten\",\"Reisen\",\"Sport\",\"Tipps\"],\"inLanguage\":\"de-DE\",\"potentialAction\":[{\"@type\":\"CommentAction\",\"name\":\"Comment\",\"target\":[\"https:\/\/zivykraj.cz\/de\/aktivitaten\/karlovarsko-kolmo-vii-vitejte-v-cykloregionu-cesko-bavorske-lazne\/#respond\"]}]},{\"@type\":\"WebPage\",\"@id\":\"https:\/\/zivykraj.cz\/de\/aktivitaten\/karlovarsko-kolmo-vii-vitejte-v-cykloregionu-cesko-bavorske-lazne\/\",\"url\":\"https:\/\/zivykraj.cz\/de\/aktivitaten\/karlovarsko-kolmo-vii-vitejte-v-cykloregionu-cesko-bavorske-lazne\/\",\"name\":\"Karlsbader Senkrechtstarter VII: Willkommen in der Radregion Bayerisch-B\u00f6hmische B\u00e4der | \u017divyKraj.cz\",\"isPartOf\":{\"@id\":\"https:\/\/zivykraj.cz\/de\/#website\"},\"primaryImageOfPage\":{\"@id\":\"https:\/\/zivykraj.cz\/de\/aktivitaten\/karlovarsko-kolmo-vii-vitejte-v-cykloregionu-cesko-bavorske-lazne\/#primaryimage\"},\"image\":{\"@id\":\"https:\/\/zivykraj.cz\/de\/aktivitaten\/karlovarsko-kolmo-vii-vitejte-v-cykloregionu-cesko-bavorske-lazne\/#primaryimage\"},\"thumbnailUrl\":\"https:\/\/zivykraj.cz\/wp-content\/uploads\/2025\/05\/P1011411_Petr-Slavik-scaled.jpg\",\"datePublished\":\"2025-05-19T13:06:45+00:00\",\"dateModified\":\"2025-05-19T13:11:15+00:00\",\"description\":\"Po zimn\u00ed pauze je n\u00e1\u0161 cyklistick\u00fd seri\u00e1l zp\u011bt \u2013 a hned v\u00e1s zve do sedla! P\u0159edstavte si, \u017ee \u0161lapete klidnou cestou lemovanou hust\u00fdmi lesy, m\u00edj\u00edte tich\u00e9 l\u00e1ze\u0148sk\u00e9 parky i tajemn\u00e1 ra\u0161elini\u0161t\u011b, d\u00fdch\u00e1te \u010derstv\u00fd vzduch a m\u00e1te \u010das jen pro sebe, pro sv\u00e9 my\u0161lenky, nebo pro radost d\u011bt\u00ed, kter\u00e9 v\u00e1s nad\u0161en\u011b p\u0159edj\u00ed\u017ed\u011bj\u00ed. P\u0159esn\u011b takov\u00e9 chv\u00edle v\u00e1m nab\u00edz\u00ed cykloregion \u010cesko-bavorsk\u00e9 l\u00e1zn\u011b.\",\"breadcrumb\":{\"@id\":\"https:\/\/zivykraj.cz\/de\/aktivitaten\/karlovarsko-kolmo-vii-vitejte-v-cykloregionu-cesko-bavorske-lazne\/#breadcrumb\"},\"inLanguage\":\"de-DE\",\"potentialAction\":[{\"@type\":\"ReadAction\",\"target\":[\"https:\/\/zivykraj.cz\/de\/aktivitaten\/karlovarsko-kolmo-vii-vitejte-v-cykloregionu-cesko-bavorske-lazne\/\"]}]},{\"@type\":\"ImageObject\",\"inLanguage\":\"de-DE\",\"@id\":\"https:\/\/zivykraj.cz\/de\/aktivitaten\/karlovarsko-kolmo-vii-vitejte-v-cykloregionu-cesko-bavorske-lazne\/#primaryimage\",\"url\":\"https:\/\/zivykraj.cz\/wp-content\/uploads\/2025\/05\/P1011411_Petr-Slavik-scaled.jpg\",\"contentUrl\":\"https:\/\/zivykraj.cz\/wp-content\/uploads\/2025\/05\/P1011411_Petr-Slavik-scaled.jpg\",\"width\":2560,\"height\":1920},{\"@type\":\"BreadcrumbList\",\"@id\":\"https:\/\/zivykraj.cz\/de\/aktivitaten\/karlovarsko-kolmo-vii-vitejte-v-cykloregionu-cesko-bavorske-lazne\/#breadcrumb\",\"itemListElement\":[{\"@type\":\"ListItem\",\"position\":1,\"name\":\"Home\",\"item\":\"https:\/\/zivykraj.cz\/de\/\"},{\"@type\":\"ListItem\",\"position\":2,\"name\":\"Karlsbader Senkrechtstarter VII: Willkommen in der Radregion Bayerisch-B\u00f6hmische B\u00e4der\"}]},{\"@type\":\"WebSite\",\"@id\":\"https:\/\/zivykraj.cz\/de\/#website\",\"url\":\"https:\/\/zivykraj.cz\/de\/\",\"name\":\"\u017divyKraj.cz\",\"description\":\"Turistick\u00fd web - Karlovarsk\u00fd kraj\",\"publisher\":{\"@id\":\"https:\/\/zivykraj.cz\/de\/#organization\"},\"potentialAction\":[{\"@type\":\"SearchAction\",\"target\":{\"@type\":\"EntryPoint\",\"urlTemplate\":\"https:\/\/zivykraj.cz\/de\/?s={search_term_string}\"},\"query-input\":\"required name=search_term_string\"}],\"inLanguage\":\"de-DE\"},{\"@type\":\"Organization\",\"@id\":\"https:\/\/zivykraj.cz\/de\/#organization\",\"name\":\"\u017divyKraj.cz\",\"url\":\"https:\/\/zivykraj.cz\/de\/\",\"logo\":{\"@type\":\"ImageObject\",\"inLanguage\":\"de-DE\",\"@id\":\"https:\/\/zivykraj.cz\/de\/#\/schema\/logo\/image\/\",\"url\":\"https:\/\/zivykraj.cz\/wp-content\/uploads\/2021\/08\/logo_white.png\",\"contentUrl\":\"https:\/\/zivykraj.cz\/wp-content\/uploads\/2021\/08\/logo_white.png\",\"width\":223,\"height\":59,\"caption\":\"\u017divyKraj.cz\"},\"image\":{\"@id\":\"https:\/\/zivykraj.cz\/de\/#\/schema\/logo\/image\/\"}},{\"@type\":\"Person\",\"@id\":\"https:\/\/zivykraj.cz\/de\/#\/schema\/person\/ab1f0ec064fefb752cd2d8e4a0c6acc8\",\"name\":\"admin\",\"image\":{\"@type\":\"ImageObject\",\"inLanguage\":\"de-DE\",\"@id\":\"https:\/\/zivykraj.cz\/de\/#\/schema\/person\/image\/\",\"url\":\"https:\/\/secure.gravatar.com\/avatar\/031436a0962827c8c44a070d61f216c5?s=96&d=mm&r=g\",\"contentUrl\":\"https:\/\/secure.gravatar.com\/avatar\/031436a0962827c8c44a070d61f216c5?s=96&d=mm&r=g\",\"caption\":\"admin\"},\"url\":\"https:\/\/zivykraj.cz\/de\/author\/admin\/\"}]}<\/script>\n<!-- \/ Yoast SEO plugin. -->","yoast_head_json":{"title":"Karlsbader Senkrechtstarter VII: Willkommen in der Radregion Bayerisch-B\u00f6hmische B\u00e4der | \u017divyKraj.cz","description":"Po zimn\u00ed pauze je n\u00e1\u0161 cyklistick\u00fd seri\u00e1l zp\u011bt \u2013 a hned v\u00e1s zve do sedla! P\u0159edstavte si, \u017ee \u0161lapete klidnou cestou lemovanou hust\u00fdmi lesy, m\u00edj\u00edte tich\u00e9 l\u00e1ze\u0148sk\u00e9 parky i tajemn\u00e1 ra\u0161elini\u0161t\u011b, d\u00fdch\u00e1te \u010derstv\u00fd vzduch a m\u00e1te \u010das jen pro sebe, pro sv\u00e9 my\u0161lenky, nebo pro radost d\u011bt\u00ed, kter\u00e9 v\u00e1s nad\u0161en\u011b p\u0159edj\u00ed\u017ed\u011bj\u00ed. P\u0159esn\u011b takov\u00e9 chv\u00edle v\u00e1m nab\u00edz\u00ed cykloregion \u010cesko-bavorsk\u00e9 l\u00e1zn\u011b.","robots":{"index":"index","follow":"follow","max-snippet":"max-snippet:-1","max-image-preview":"max-image-preview:large","max-video-preview":"max-video-preview:-1"},"canonical":"https:\/\/zivykraj.cz\/de\/aktivitaten\/karlovarsko-kolmo-vii-vitejte-v-cykloregionu-cesko-bavorske-lazne\/","og_locale":"de_DE","og_type":"article","og_title":"Karlsbader Senkrechtstarter VII: Willkommen in der Radregion Bayerisch-B\u00f6hmische B\u00e4der | \u017divyKraj.cz","og_description":"Po zimn\u00ed pauze je n\u00e1\u0161 cyklistick\u00fd seri\u00e1l zp\u011bt \u2013 a hned v\u00e1s zve do sedla! P\u0159edstavte si, \u017ee \u0161lapete klidnou cestou lemovanou hust\u00fdmi lesy, m\u00edj\u00edte tich\u00e9 l\u00e1ze\u0148sk\u00e9 parky i tajemn\u00e1 ra\u0161elini\u0161t\u011b, d\u00fdch\u00e1te \u010derstv\u00fd vzduch a m\u00e1te \u010das jen pro sebe, pro sv\u00e9 my\u0161lenky, nebo pro radost d\u011bt\u00ed, kter\u00e9 v\u00e1s nad\u0161en\u011b p\u0159edj\u00ed\u017ed\u011bj\u00ed. P\u0159esn\u011b takov\u00e9 chv\u00edle v\u00e1m nab\u00edz\u00ed cykloregion \u010cesko-bavorsk\u00e9 l\u00e1zn\u011b.","og_url":"https:\/\/zivykraj.cz\/de\/aktivitaten\/karlovarsko-kolmo-vii-vitejte-v-cykloregionu-cesko-bavorske-lazne\/","og_site_name":"\u017divyKraj.cz","article_published_time":"2025-05-19T13:06:45+00:00","article_modified_time":"2025-05-19T13:11:15+00:00","og_image":[{"width":2560,"height":1920,"url":"https:\/\/zivykraj.cz\/wp-content\/uploads\/2025\/05\/P1011411_Petr-Slavik-scaled.jpg","type":"image\/jpeg"}],"author":"admin","twitter_card":"summary_large_image","twitter_misc":{"Verfasst von":"admin","Gesch\u00e4tzte Lesezeit":"17 Minuten"},"schema":{"@context":"https:\/\/schema.org","@graph":[{"@type":"Article","@id":"https:\/\/zivykraj.cz\/de\/aktivitaten\/karlovarsko-kolmo-vii-vitejte-v-cykloregionu-cesko-bavorske-lazne\/#article","isPartOf":{"@id":"https:\/\/zivykraj.cz\/de\/aktivitaten\/karlovarsko-kolmo-vii-vitejte-v-cykloregionu-cesko-bavorske-lazne\/"},"author":{"name":"admin","@id":"https:\/\/zivykraj.cz\/de\/#\/schema\/person\/ab1f0ec064fefb752cd2d8e4a0c6acc8"},"headline":"Karlsbader Senkrechtstarter VII: Willkommen in der Radregion Bayerisch-B\u00f6hmische B\u00e4der","datePublished":"2025-05-19T13:06:45+00:00","dateModified":"2025-05-19T13:11:15+00:00","mainEntityOfPage":{"@id":"https:\/\/zivykraj.cz\/de\/aktivitaten\/karlovarsko-kolmo-vii-vitejte-v-cykloregionu-cesko-bavorske-lazne\/"},"wordCount":5534,"commentCount":0,"publisher":{"@id":"https:\/\/zivykraj.cz\/de\/#organization"},"image":{"@id":"https:\/\/zivykraj.cz\/de\/aktivitaten\/karlovarsko-kolmo-vii-vitejte-v-cykloregionu-cesko-bavorske-lazne\/#primaryimage"},"thumbnailUrl":"https:\/\/zivykraj.cz\/wp-content\/uploads\/2025\/05\/P1011411_Petr-Slavik-scaled.jpg","keywords":["Aktivit\u00e4ten und Erlebnisse","Radtouren","Radwegen","Tipps"],"articleSection":["Aktivit\u00e4ten","Reisen","Sport","Tipps"],"inLanguage":"de-DE","potentialAction":[{"@type":"CommentAction","name":"Comment","target":["https:\/\/zivykraj.cz\/de\/aktivitaten\/karlovarsko-kolmo-vii-vitejte-v-cykloregionu-cesko-bavorske-lazne\/#respond"]}]},{"@type":"WebPage","@id":"https:\/\/zivykraj.cz\/de\/aktivitaten\/karlovarsko-kolmo-vii-vitejte-v-cykloregionu-cesko-bavorske-lazne\/","url":"https:\/\/zivykraj.cz\/de\/aktivitaten\/karlovarsko-kolmo-vii-vitejte-v-cykloregionu-cesko-bavorske-lazne\/","name":"Karlsbader Senkrechtstarter VII: Willkommen in der Radregion Bayerisch-B\u00f6hmische B\u00e4der | \u017divyKraj.cz","isPartOf":{"@id":"https:\/\/zivykraj.cz\/de\/#website"},"primaryImageOfPage":{"@id":"https:\/\/zivykraj.cz\/de\/aktivitaten\/karlovarsko-kolmo-vii-vitejte-v-cykloregionu-cesko-bavorske-lazne\/#primaryimage"},"image":{"@id":"https:\/\/zivykraj.cz\/de\/aktivitaten\/karlovarsko-kolmo-vii-vitejte-v-cykloregionu-cesko-bavorske-lazne\/#primaryimage"},"thumbnailUrl":"https:\/\/zivykraj.cz\/wp-content\/uploads\/2025\/05\/P1011411_Petr-Slavik-scaled.jpg","datePublished":"2025-05-19T13:06:45+00:00","dateModified":"2025-05-19T13:11:15+00:00","description":"Po zimn\u00ed pauze je n\u00e1\u0161 cyklistick\u00fd seri\u00e1l zp\u011bt \u2013 a hned v\u00e1s zve do sedla! P\u0159edstavte si, \u017ee \u0161lapete klidnou cestou lemovanou hust\u00fdmi lesy, m\u00edj\u00edte tich\u00e9 l\u00e1ze\u0148sk\u00e9 parky i tajemn\u00e1 ra\u0161elini\u0161t\u011b, d\u00fdch\u00e1te \u010derstv\u00fd vzduch a m\u00e1te \u010das jen pro sebe, pro sv\u00e9 my\u0161lenky, nebo pro radost d\u011bt\u00ed, kter\u00e9 v\u00e1s nad\u0161en\u011b p\u0159edj\u00ed\u017ed\u011bj\u00ed. P\u0159esn\u011b takov\u00e9 chv\u00edle v\u00e1m nab\u00edz\u00ed cykloregion \u010cesko-bavorsk\u00e9 l\u00e1zn\u011b.","breadcrumb":{"@id":"https:\/\/zivykraj.cz\/de\/aktivitaten\/karlovarsko-kolmo-vii-vitejte-v-cykloregionu-cesko-bavorske-lazne\/#breadcrumb"},"inLanguage":"de-DE","potentialAction":[{"@type":"ReadAction","target":["https:\/\/zivykraj.cz\/de\/aktivitaten\/karlovarsko-kolmo-vii-vitejte-v-cykloregionu-cesko-bavorske-lazne\/"]}]},{"@type":"ImageObject","inLanguage":"de-DE","@id":"https:\/\/zivykraj.cz\/de\/aktivitaten\/karlovarsko-kolmo-vii-vitejte-v-cykloregionu-cesko-bavorske-lazne\/#primaryimage","url":"https:\/\/zivykraj.cz\/wp-content\/uploads\/2025\/05\/P1011411_Petr-Slavik-scaled.jpg","contentUrl":"https:\/\/zivykraj.cz\/wp-content\/uploads\/2025\/05\/P1011411_Petr-Slavik-scaled.jpg","width":2560,"height":1920},{"@type":"BreadcrumbList","@id":"https:\/\/zivykraj.cz\/de\/aktivitaten\/karlovarsko-kolmo-vii-vitejte-v-cykloregionu-cesko-bavorske-lazne\/#breadcrumb","itemListElement":[{"@type":"ListItem","position":1,"name":"Home","item":"https:\/\/zivykraj.cz\/de\/"},{"@type":"ListItem","position":2,"name":"Karlsbader Senkrechtstarter VII: Willkommen in der Radregion Bayerisch-B\u00f6hmische B\u00e4der"}]},{"@type":"WebSite","@id":"https:\/\/zivykraj.cz\/de\/#website","url":"https:\/\/zivykraj.cz\/de\/","name":"\u017divyKraj.cz","description":"Turistick\u00fd web - Karlovarsk\u00fd kraj","publisher":{"@id":"https:\/\/zivykraj.cz\/de\/#organization"},"potentialAction":[{"@type":"SearchAction","target":{"@type":"EntryPoint","urlTemplate":"https:\/\/zivykraj.cz\/de\/?s={search_term_string}"},"query-input":"required name=search_term_string"}],"inLanguage":"de-DE"},{"@type":"Organization","@id":"https:\/\/zivykraj.cz\/de\/#organization","name":"\u017divyKraj.cz","url":"https:\/\/zivykraj.cz\/de\/","logo":{"@type":"ImageObject","inLanguage":"de-DE","@id":"https:\/\/zivykraj.cz\/de\/#\/schema\/logo\/image\/","url":"https:\/\/zivykraj.cz\/wp-content\/uploads\/2021\/08\/logo_white.png","contentUrl":"https:\/\/zivykraj.cz\/wp-content\/uploads\/2021\/08\/logo_white.png","width":223,"height":59,"caption":"\u017divyKraj.cz"},"image":{"@id":"https:\/\/zivykraj.cz\/de\/#\/schema\/logo\/image\/"}},{"@type":"Person","@id":"https:\/\/zivykraj.cz\/de\/#\/schema\/person\/ab1f0ec064fefb752cd2d8e4a0c6acc8","name":"admin","image":{"@type":"ImageObject","inLanguage":"de-DE","@id":"https:\/\/zivykraj.cz\/de\/#\/schema\/person\/image\/","url":"https:\/\/secure.gravatar.com\/avatar\/031436a0962827c8c44a070d61f216c5?s=96&d=mm&r=g","contentUrl":"https:\/\/secure.gravatar.com\/avatar\/031436a0962827c8c44a070d61f216c5?s=96&d=mm&r=g","caption":"admin"},"url":"https:\/\/zivykraj.cz\/de\/author\/admin\/"}]}},"_links":{"self":[{"href":"https:\/\/zivykraj.cz\/de\/wp-json\/wp\/v2\/posts\/84494"}],"collection":[{"href":"https:\/\/zivykraj.cz\/de\/wp-json\/wp\/v2\/posts"}],"about":[{"href":"https:\/\/zivykraj.cz\/de\/wp-json\/wp\/v2\/types\/post"}],"author":[{"embeddable":true,"href":"https:\/\/zivykraj.cz\/de\/wp-json\/wp\/v2\/users\/1"}],"replies":[{"embeddable":true,"href":"https:\/\/zivykraj.cz\/de\/wp-json\/wp\/v2\/comments?post=84494"}],"version-history":[{"count":7,"href":"https:\/\/zivykraj.cz\/de\/wp-json\/wp\/v2\/posts\/84494\/revisions"}],"predecessor-version":[{"id":84501,"href":"https:\/\/zivykraj.cz\/de\/wp-json\/wp\/v2\/posts\/84494\/revisions\/84501"}],"wp:featuredmedia":[{"embeddable":true,"href":"https:\/\/zivykraj.cz\/de\/wp-json\/wp\/v2\/media\/84349"}],"wp:attachment":[{"href":"https:\/\/zivykraj.cz\/de\/wp-json\/wp\/v2\/media?parent=84494"}],"wp:term":[{"taxonomy":"category","embeddable":true,"href":"https:\/\/zivykraj.cz\/de\/wp-json\/wp\/v2\/categories?post=84494"},{"taxonomy":"post_tag","embeddable":true,"href":"https:\/\/zivykraj.cz\/de\/wp-json\/wp\/v2\/tags?post=84494"}],"curies":[{"name":"wp","href":"https:\/\/api.w.org\/{rel}","templated":true}]}}