{"id":84892,"date":"2025-05-22T10:06:24","date_gmt":"2025-05-22T08:06:24","guid":{"rendered":"https:\/\/zivykraj.cz\/unkategorisiert\/rok-davida-bechera-zazijte-karlovy-vary-jinak\/"},"modified":"2025-05-29T10:37:51","modified_gmt":"2025-05-29T08:37:51","slug":"rok-davida-bechera-zazijte-karlovy-vary-jinak","status":"publish","type":"post","link":"https:\/\/zivykraj.cz\/de\/aktivitaten\/rok-davida-bechera-zazijte-karlovy-vary-jinak\/","title":{"rendered":"Das Jahr des David Becher: Karlovy Vary anders erleben"},"content":{"rendered":"<div class=\"fusion-fullwidth fullwidth-box fusion-builder-row-1 fusion-flex-container nonhundred-percent-fullwidth non-hundred-percent-height-scrolling\" style=\"background-color: rgba(255,255,255,0);background-position: center center;background-repeat: no-repeat;border-width: 0px 0px 0px 0px;border-color:#ecefef;border-style:solid;\" ><div class=\"fusion-builder-row fusion-row fusion-flex-align-items-flex-start\" style=\"max-width:1206.4px;margin-left: calc(-4% \/ 2 );margin-right: calc(-4% \/ 2 );\"><div class=\"fusion-layout-column fusion_builder_column fusion-builder-column-0 fusion_builder_column_1_1 1_1 fusion-flex-column\"><div class=\"fusion-column-wrapper fusion-flex-justify-content-flex-start fusion-content-layout-column\" style=\"background-position:left top;background-repeat:no-repeat;-webkit-background-size:cover;-moz-background-size:cover;-o-background-size:cover;background-size:cover;padding: 0px 0px 0px 0px;\"><div class=\"fusion-text fusion-text-1\"><p><strong>Die Stille der Kolonnaden, der Dampf, der aus einer Tasse Quellwasser aufsteigt, die Raffinesse der kaiserlichen S\u00e4le und die Kl\u00e4nge eines Konzerts unter freiem Himmel&#8230; In diesem Jahr erwartet Sie in Karlovy Vary nicht nur eine wundersch\u00f6ne Landschaft, sondern auch eine Geschichte, die tief in die Geschichte reicht. Das Jahr 2025 steht im Zeichen von Dr. David Becher. Der Mann, der dem Kurwesen eine neue Richtung gab und der Stadt ihren einzigartigen Rhythmus verlieh. Und jetzt ist Ihre Chance, die Tradition zu erleben, die jeden Besuch zu einem besonderen Erlebnis macht!<\/strong><\/p>\n<p><b>\u00a0<\/b><\/p>\n<\/div><div ><span class=\" fusion-imageframe imageframe-none imageframe-1 hover-type-none\"><img decoding=\"async\" width=\"2322\" height=\"663\" title=\"claim-blue (1)\" src=\"https:\/\/zivykraj.cz\/wp-content\/uploads\/2025\/05\/claim-blue-1.jpg\" data-orig-src=\"https:\/\/zivykraj.cz\/wp-content\/uploads\/2025\/05\/claim-blue-1.jpg\" alt class=\"lazyload img-responsive wp-image-84652\" srcset=\"data:image\/svg+xml,%3Csvg%20xmlns%3D%27http%3A%2F%2Fwww.w3.org%2F2000%2Fsvg%27%20width%3D%272322%27%20height%3D%27663%27%20viewBox%3D%270%200%202322%20663%27%3E%3Crect%20width%3D%272322%27%20height%3D%27663%27%20fill-opacity%3D%220%22%2F%3E%3C%2Fsvg%3E\" data-srcset=\"https:\/\/zivykraj.cz\/wp-content\/uploads\/2025\/05\/claim-blue-1-200x57.jpg 200w, https:\/\/zivykraj.cz\/wp-content\/uploads\/2025\/05\/claim-blue-1-400x114.jpg 400w, https:\/\/zivykraj.cz\/wp-content\/uploads\/2025\/05\/claim-blue-1-600x171.jpg 600w, https:\/\/zivykraj.cz\/wp-content\/uploads\/2025\/05\/claim-blue-1-800x228.jpg 800w, https:\/\/zivykraj.cz\/wp-content\/uploads\/2025\/05\/claim-blue-1-1200x343.jpg 1200w, https:\/\/zivykraj.cz\/wp-content\/uploads\/2025\/05\/claim-blue-1.jpg 2322w\" data-sizes=\"auto\" data-orig-sizes=\"(max-width: 1024px) 100vw, (max-width: 640px) 100vw, 1200px\" \/><\/span><\/div><\/div><style type=\"text\/css\">.fusion-body .fusion-builder-column-0{width:100% !important;margin-top : 0px;margin-bottom : 0px;}.fusion-builder-column-0 > .fusion-column-wrapper {padding-top : 0px !important;padding-right : 0px !important;margin-right : 1.92%;padding-bottom : 0px !important;padding-left : 0px !important;margin-left : 1.92%;}@media only screen and (max-width:1024px) {.fusion-body .fusion-builder-column-0{width:100% !important;}.fusion-builder-column-0 > .fusion-column-wrapper {margin-right : 1.92%;margin-left : 1.92%;}}@media only screen and (max-width:640px) {.fusion-body .fusion-builder-column-0{width:100% !important;}.fusion-builder-column-0 > .fusion-column-wrapper {margin-right : 1.92%;margin-left : 1.92%;}}<\/style><\/div><div class=\"fusion-layout-column fusion_builder_column fusion-builder-column-1 fusion_builder_column_1_1 1_1 fusion-flex-column\"><div class=\"fusion-column-wrapper fusion-flex-justify-content-flex-start fusion-content-layout-column\" style=\"background-position:left top;background-repeat:no-repeat;-webkit-background-size:cover;-moz-background-size:cover;-o-background-size:cover;background-size:cover;padding: 0px 0px 0px 0px;\"><div class=\"fusion-text fusion-text-2\" style=\"margin-top:25px;\"><div class=\"single-post-content clearfix\">\n<p><strong>Treffen Sie David Becher<\/strong><\/p>\n<\/div>\n<p>Sie betreten eine Stadt, die nicht nur den K\u00f6rper, sondern auch die Seele heilt. Vielleicht ist es die Neugier, die Sie hierher gef\u00fchrt hat, vielleicht ist es die Sehnsucht nach Frieden oder heilenden Quellen. Was auch immer der Grund ist, in Karlovy Vary sind Sie Teil einer Geschichte, die vor dreihundert Jahren begann.<\/p>\n<p>Damals wurde hier ein Mann geboren, der die Art und Weise, wie wir das Kurwesen betrachten, ver\u00e4ndert hat. <strong>Dr. David Becher.<\/strong> Arzt, Balneologe, Chemiker und M\u00e4zen. Der Mann, der Varna zu einem Ort von Weltbedeutung machte. Er gab der Behandlung ein System, verstand die Kraft der Mineralquellen und <strong>machte die Kurbehandlung zu einer wahren Kunst.<\/strong> Deshalb wird er auch der <strong>\u201eHippokrates von Karlovy Vary\u201c<\/strong> genannt.<\/p>\n<\/div><style type=\"text\/css\">.fusion-gallery-1 .fusion-gallery-image {border:0px solid #f2f3f3;}<\/style><div class=\"fusion-gallery fusion-gallery-container fusion-grid-3 fusion-columns-total-3 fusion-gallery-layout-grid fusion-gallery-1\" style=\"margin:-5px;\"><div style=\"padding:5px;\" class=\"fusion-grid-column fusion-gallery-column fusion-gallery-column-3 hover-type-none\"><div class=\"fusion-gallery-image\"><a rel=\"noreferrer\" data-rel=\"iLightbox[gallery_image_1]\" class=\"fusion-lightbox\" target=\"_self\"><img decoding=\"async\" src=\"\" width=\"\" height=\"\" alt=\"\" title=\"\" aria-label=\"\" class=\"img-responsive wp-image- fusion-gallery-image-size-fixed\"  \/><\/a><\/div><\/div><div style=\"padding:5px;\" class=\"fusion-grid-column fusion-gallery-column fusion-gallery-column-3 hover-type-none\"><div class=\"fusion-gallery-image\"><a href=\"https:\/\/zivykraj.cz\/wp-content\/uploads\/2025\/05\/David-Becher_upraveno-1.png\" rel=\"noreferrer\" data-rel=\"iLightbox[gallery_image_1]\" class=\"fusion-lightbox\" target=\"_self\"><img decoding=\"async\" src=\"https:\/\/zivykraj.cz\/wp-content\/uploads\/2025\/05\/David-Becher_upraveno-1.png\" width=\"233\" height=\"295\" alt=\"\" title=\"David-Becher_upraveno\" aria-label=\"David-Becher_upraveno\" class=\"img-responsive wp-image-84670 fusion-gallery-image-size-fixed\" srcset=\"https:\/\/zivykraj.cz\/wp-content\/uploads\/2025\/05\/David-Becher_upraveno-1-200x253.png 200w, https:\/\/zivykraj.cz\/wp-content\/uploads\/2025\/05\/David-Becher_upraveno-1-400x506.png 400w, https:\/\/zivykraj.cz\/wp-content\/uploads\/2025\/05\/David-Becher_upraveno-1-600x758.png 600w, https:\/\/zivykraj.cz\/wp-content\/uploads\/2025\/05\/David-Becher_upraveno-1-800x1011.png 800w, https:\/\/zivykraj.cz\/wp-content\/uploads\/2025\/05\/David-Becher_upraveno-1-1200x1517.png 1200w, https:\/\/zivykraj.cz\/wp-content\/uploads\/2025\/05\/David-Becher_upraveno-1.png 1600w\" sizes=\"(min-width: 2200px) 100vw, (min-width: 784px) 383px, (min-width: 712px) 575px, (min-width: 640px) 712px, \" \/><\/a><\/div><\/div><div style=\"padding:5px;\" class=\"fusion-grid-column fusion-gallery-column fusion-gallery-column-3 hover-type-none\"><div class=\"fusion-gallery-image\"><a rel=\"noreferrer\" data-rel=\"iLightbox[gallery_image_1]\" class=\"fusion-lightbox\" target=\"_self\"><img decoding=\"async\" src=\"\" width=\"\" height=\"\" alt=\"\" title=\"\" aria-label=\"\" class=\"img-responsive wp-image-0 fusion-gallery-image-size-fixed\"  \/><\/a><\/div><\/div><div class=\"clearfix\"><\/div><\/div><\/div><style type=\"text\/css\">.fusion-body .fusion-builder-column-1{width:100% !important;margin-top : 0px;margin-bottom : 0px;}.fusion-builder-column-1 > .fusion-column-wrapper {padding-top : 0px !important;padding-right : 0px !important;margin-right : 1.92%;padding-bottom : 0px !important;padding-left : 0px !important;margin-left : 1.92%;}@media only screen and (max-width:1024px) {.fusion-body .fusion-builder-column-1{width:100% !important;order : 0;}.fusion-builder-column-1 > .fusion-column-wrapper {margin-right : 1.92%;margin-left : 1.92%;}}@media only screen and (max-width:640px) {.fusion-body .fusion-builder-column-1{width:100% !important;order : 0;}.fusion-builder-column-1 > .fusion-column-wrapper {margin-right : 1.92%;margin-left : 1.92%;}}<\/style><\/div><div class=\"fusion-layout-column fusion_builder_column fusion-builder-column-2 fusion_builder_column_1_1 1_1 fusion-flex-column\"><div class=\"fusion-column-wrapper fusion-flex-justify-content-flex-start fusion-content-layout-column\" style=\"background-position:left top;background-repeat:no-repeat;-webkit-background-size:cover;-moz-background-size:cover;-o-background-size:cover;background-size:cover;padding: 0px 0px 0px 0px;\"><div class=\"fusion-text fusion-text-3\" style=\"margin-top:25px;\"><p>Das Jahr 2025 geh\u00f6rt nicht nur ihm, sondern auch Ihnen. Denn Sie haben die einmalige Gelegenheit, unter die Oberfl\u00e4che der Traditionen zu schauen, die David Becher gepr\u00e4gt hat. Wussten Sie, dass Wasser an seiner Quelle am wirksamsten ist? Dass es auf Temperatur, Dosierung und Zeitpunkt ankommt? Dass Quellsalz seine genaue Zusammensetzung und Wirkung hat?<\/p>\n<p>Die Familie Becher lebte seit dem 16. Jahrhundert in Karlovy Vary und wurde zu einer der angesehensten Familien der Stadt. Doch David Becher ging noch weiter, denn im 18. Jahrhundert ver\u00e4nderte er den Ansatz der Kurbehandlung grundlegend. Er beschrieb wissenschaftlich die Chemie der \u00f6rtlichen Quellen, f\u00f6rderte die individuelle Behandlung und sein Ansatz f\u00fchrte zur Schaffung von Kolonnaden, Pavillons und der modernen Form der Trinkkuren.<strong> Ihm ist es zu verdanken, dass man nicht einfach nur Mineralwasser trinkt, sondern sich auf ein gut durchdachtes Heilungsritual einl\u00e4sst.<\/strong> Und dabei geht es nicht nur um den K\u00f6rper. Becher glaubte auch an die Kraft von Kultur und Bildung. Er unterst\u00fctzte die Gr\u00fcndung des Theaters und der Schule der Stadt und hinterlie\u00df Spuren, die noch heute auf Schritt und Tritt zu sp\u00fcren sind.<\/p>\n<p><strong>M\u00f6chten Sie Karlsbad n\u00e4her kennen lernen? Dann ist jetzt der richtige Zeitpunkt.<\/strong> Das Jahr des David Becher ist nicht nur eine Erinnerung. Es ist eine Einladung zu einer pers\u00f6nlichen Erfahrung, um die Bedeutung des Kurortes zu verstehen und einen neuen Blick auf sich selbst zu werfen.<\/p>\n<\/div><div ><span class=\" fusion-imageframe imageframe-none imageframe-2 hover-type-none\"><img decoding=\"async\" width=\"2560\" height=\"1707\" title=\"B-20\" src=\"https:\/\/zivykraj.cz\/wp-content\/uploads\/2025\/05\/B-20-scaled.jpg\" data-orig-src=\"https:\/\/zivykraj.cz\/wp-content\/uploads\/2025\/05\/B-20-scaled.jpg\" alt class=\"lazyload img-responsive wp-image-84674\" srcset=\"data:image\/svg+xml,%3Csvg%20xmlns%3D%27http%3A%2F%2Fwww.w3.org%2F2000%2Fsvg%27%20width%3D%272560%27%20height%3D%271707%27%20viewBox%3D%270%200%202560%201707%27%3E%3Crect%20width%3D%272560%27%20height%3D%271707%27%20fill-opacity%3D%220%22%2F%3E%3C%2Fsvg%3E\" data-srcset=\"https:\/\/zivykraj.cz\/wp-content\/uploads\/2025\/05\/B-20-200x133.jpg 200w, https:\/\/zivykraj.cz\/wp-content\/uploads\/2025\/05\/B-20-400x267.jpg 400w, https:\/\/zivykraj.cz\/wp-content\/uploads\/2025\/05\/B-20-600x400.jpg 600w, https:\/\/zivykraj.cz\/wp-content\/uploads\/2025\/05\/B-20-800x533.jpg 800w, https:\/\/zivykraj.cz\/wp-content\/uploads\/2025\/05\/B-20-1200x800.jpg 1200w, https:\/\/zivykraj.cz\/wp-content\/uploads\/2025\/05\/B-20-scaled.jpg 2560w\" data-sizes=\"auto\" data-orig-sizes=\"(max-width: 1024px) 100vw, (max-width: 640px) 100vw, 1200px\" \/><\/span><\/div><div class=\"fusion-text fusion-text-4\" style=\"margin-top:25px;\"><p><strong>Feiern, die die Vergangenheit mit der Gegenwart verbinden<\/strong><\/p>\n<p>Dieses Jahr steht in Karlovy Vary ganz <strong>im Zeichen des Feierns.<\/strong> Nehmen Sie an einer F\u00fchrung teil und lernen Sie Karlovy Vary mit den Augen von Dr. Becher pers\u00f6nlich kennen. Nehmen Sie Platz unter der Kolonnade und lassen Sie sich bei einem einzigartigen Lichtkonzert von den Kl\u00e4ngen Vivaldis mitrei\u00dfen. Sehen Sie sich den neuen Dokumentarfilm <em>Hippokrates von Karlovy Vary<\/em> an, der an den Orten gedreht wurde, an denen Becher lebte und arbeitete. Und im Herbst? Freuen Sie sich auf eine Fachkonferenz zu Bechers Verm\u00e4chtnis, ein abwechslungsreiches Programm w\u00e4hrend der Europ\u00e4ischen Tage des Denkmals und die Abschlussveranstaltung der Quellen.<\/p>\n<p>Wenn Sie sich von Karlovy Vary verabschieden, vergessen Sie nicht, ein St\u00fcck seines Geistes mitzunehmen. F\u00fcr dieses besondere Jahr wurde <strong>eine limitierte Auflage von Souvenirs geschaffen<\/strong> &#8211; ein elegantes blaues Trinkglas, Badesalz mit echtem Fr\u00fchlingskraut und eine Sonderausgabe von Becherovka mit dem <em>Karlsbader Hippokrates<\/em>-Etikett. Jeder dieser Artikel tr\u00e4gt eine Geschichte in sich. Genau wie Ihre Reise.<\/p>\n<\/div><div class=\"fusion-text fusion-text-5\" style=\"margin-top:25px;\"><p><strong>UNESCO-Kurort-Erbe<\/strong><\/p>\n<p>Karlovy Vary steht auf der prestigetr\u00e4chtigen UNESCO-Liste als eine der bedeutendsten <strong>\u201eGreat Spa Towns of Europe\u201c.<\/strong> Und das ist kein Wunder. Kaum ein anderer Ort verbindet auf so nat\u00fcrliche Weise eine historische Atmosph\u00e4re mit einem modernen Gesundheitsverst\u00e4ndnis wie hier. Sie haben die Wahl zwischen ma\u00dfgeschneiderten Therapie- und Entspannungsaufenthalten. Suchen Sie Ruhe, einen Neuanfang oder einfach nur eine Entschleunigung? Lassen Sie sich auf der Website von <a href=\"https:\/\/laznezdravi.cz\/de\/?_gl=1%2Aveg9q3%2A_up%2AMQ..%2A_ga%2AMTgyNDY3ODQ5Mi4xNzQ4NTA2OTE1%2A_ga_Y5N9QXETSK%2AczE3NDg1MDY5MTMkbzEkZzAkdDE3NDg1MDY5MTMkajYwJGwwJGgxMjYxNTQ4OTk0\">SpaHealth<\/a> inspirieren und w\u00e4hlen Sie ein Paket, das Ihrer Stimmung, Ihren Bed\u00fcrfnissen und Ihrer Zeit entspricht.<\/p>\n<p>Bei Ihrem Besuch sollten Sie auf keinen Fall <strong>die Kaiserthermen<\/strong> verpassen &#8211; ein Juwel der B\u00e4derarchitektur, das nach umfangreichen Renovierungsarbeiten in ein kulturelles und soziales Zentrum umgewandelt wurde. Hier k\u00f6nnen Sie bei Ausstellungen, Konzerten und Filmvorf\u00fchrungen buchst\u00e4blich in die Geschichte eintauchen.<\/p>\n<p>Man steigt eine breite Treppe hinauf, \u00f6ffnet eine schwere T\u00fcr &#8211; und findet sich in einem Raum wieder, in dem selbst die Stille einen feierlichen Nachhall hat. Die Kaiserthermen erstrahlen in neuem Glanz, bieten ein tiefes Erlebnis und eine einzigartige Atmosph\u00e4re. <strong>Es stehen zwei F\u00fchrungen zur Auswahl.<\/strong> Die eine f\u00fchrt Sie <strong>durch die Kaiserthermen<\/strong>, die andere konzentriert sich auf <strong>das kaiserliche Bad.<\/strong> In unregelm\u00e4\u00dfigen Abst\u00e4nden f\u00fchrt auch der Schauspieler Viktor Braunreiter durch die B\u00e4der, der die historische Interpretation mit humorvollen Beobachtungen erg\u00e4nzt und verschiedene historische Zusammenh\u00e4nge auf unverwechselbare Weise darstellt. Eintrittskarten k\u00f6nnen an der Abendkasse oder <a href=\"https:\/\/portal.colosseum.eu\/tours?mrsid=310&amp;lang=de-DE\">online<\/a> erworben werden.<\/p>\n<p>Und wenn Sie Karlovy Vary und seine Umgebung gr\u00fcndlich erkunden wollen, vergessen Sie nicht, sich die <strong>Karlovy VARY REGION CARD<\/strong> zu besorgen. Diese Karte \u00f6ffnet Ihnen die T\u00fcr zu mehr als neunzig attraktiven Orten in der gesamten Karlsbader Region &#8211; von Museen und Denkm\u00e4lern bis hin zu Galerien und Kulturveranstaltungen. Viele von ihnen k\u00f6nnen Sie mit der Karte kostenlos oder mit einem erheblichen Preisnachlass besuchen. Dar\u00fcber hinaus erhalten Sie w\u00e4hrend der G\u00fcltigkeitsdauer der Karte 50 % Erm\u00e4\u00dfigung auf die \u00f6ffentlichen Verkehrsmittel in Karlovy Vary. Sie k\u00f6nnen eine Variante f\u00fcr 2, 4 oder 7 Tage w\u00e4hlen &#8211; f\u00fcr sich selbst oder f\u00fcr die ganze Familie. Weitere Informationen finden Sie auf <a href=\"https:\/\/karlovyvarycard.cz\/de\">der Website der Karte<\/a>.<\/p>\n<\/div><div ><span class=\" fusion-imageframe imageframe-none imageframe-3 hover-type-none\"><img decoding=\"async\" width=\"2400\" height=\"1601\" title=\"2023_10_11 &#8211; C\u00edsa\u0159sk\u00e9 l\u00e1zn\u011b-@ales_vopat-s\u00edt\u011b-\" src=\"https:\/\/zivykraj.cz\/wp-content\/uploads\/2025\/05\/2023_10_11-Cisarske-lazne-@ales_vopat-site-.jpg\" data-orig-src=\"https:\/\/zivykraj.cz\/wp-content\/uploads\/2025\/05\/2023_10_11-Cisarske-lazne-@ales_vopat-site-.jpg\" alt class=\"lazyload img-responsive wp-image-84682\" srcset=\"data:image\/svg+xml,%3Csvg%20xmlns%3D%27http%3A%2F%2Fwww.w3.org%2F2000%2Fsvg%27%20width%3D%272400%27%20height%3D%271601%27%20viewBox%3D%270%200%202400%201601%27%3E%3Crect%20width%3D%272400%27%20height%3D%271601%27%20fill-opacity%3D%220%22%2F%3E%3C%2Fsvg%3E\" data-srcset=\"https:\/\/zivykraj.cz\/wp-content\/uploads\/2025\/05\/2023_10_11-Cisarske-lazne-@ales_vopat-site--200x133.jpg 200w, https:\/\/zivykraj.cz\/wp-content\/uploads\/2025\/05\/2023_10_11-Cisarske-lazne-@ales_vopat-site--400x267.jpg 400w, https:\/\/zivykraj.cz\/wp-content\/uploads\/2025\/05\/2023_10_11-Cisarske-lazne-@ales_vopat-site--600x400.jpg 600w, https:\/\/zivykraj.cz\/wp-content\/uploads\/2025\/05\/2023_10_11-Cisarske-lazne-@ales_vopat-site--800x534.jpg 800w, https:\/\/zivykraj.cz\/wp-content\/uploads\/2025\/05\/2023_10_11-Cisarske-lazne-@ales_vopat-site--1200x801.jpg 1200w, https:\/\/zivykraj.cz\/wp-content\/uploads\/2025\/05\/2023_10_11-Cisarske-lazne-@ales_vopat-site-.jpg 2400w\" data-sizes=\"auto\" data-orig-sizes=\"(max-width: 1024px) 100vw, (max-width: 640px) 100vw, 1200px\" \/><\/span><\/div><\/div><style type=\"text\/css\">.fusion-body .fusion-builder-column-2{width:100% !important;margin-top : 0px;margin-bottom : 0px;}.fusion-builder-column-2 > .fusion-column-wrapper {padding-top : 0px !important;padding-right : 0px !important;margin-right : 1.92%;padding-bottom : 0px !important;padding-left : 0px !important;margin-left : 1.92%;}@media only screen and (max-width:1024px) {.fusion-body .fusion-builder-column-2{width:100% !important;order : 0;}.fusion-builder-column-2 > .fusion-column-wrapper {margin-right : 1.92%;margin-left : 1.92%;}}@media only screen and (max-width:640px) {.fusion-body .fusion-builder-column-2{width:100% !important;order : 0;}.fusion-builder-column-2 > .fusion-column-wrapper {margin-right : 1.92%;margin-left : 1.92%;}}<\/style><\/div><div class=\"fusion-layout-column fusion_builder_column fusion-builder-column-3 fusion_builder_column_1_1 1_1 fusion-flex-column\"><div class=\"fusion-column-wrapper fusion-flex-justify-content-flex-start fusion-content-layout-column\" style=\"background-position:left top;background-repeat:no-repeat;-webkit-background-size:cover;-moz-background-size:cover;-o-background-size:cover;background-size:cover;padding: 0px 0px 0px 0px;\"><div class=\"fusion-text fusion-text-6\" style=\"margin-top:25px;\"><div class=\"single-post-content clearfix\">\n<p><strong>Karlovy Vary ist keine Kulisse. Es sind Emotionen&#8230;<\/strong><\/p>\n<\/div>\n<p>Vielleicht waren Sie schon einmal in einem Kurort. Aber dieses Jahr ist anders. Das Jahr 2025 verwandelt Karlovy Vary in einen Raum, in dem nicht nur Geschichte und Gegenwart miteinander verbunden sind &#8211; sondern auch K\u00f6rper und Geist, Stille und Musik, Wasser und Geschichte. Die UNESCO-gesch\u00fctzte Kurlandschaft wird Sie unaufdringlich und respektvoll umarmen. Es bleibt Ihnen \u00fcberlassen, ob Sie ein Bad in den hei\u00dfen Quellen nehmen, in die Galerie gehen oder einfach nur auf einer Bank sitzen und den Moment verstreichen lassen.<\/p>\n<p>Dieses Jahr ist nicht nur ein Gedenken an eine Pers\u00f6nlichkeit. Es ist eine Einladung. Karlovy Vary anders zu erleben. Tiefer. Bewusster. Und vor allem, in vollen Z\u00fcgen.<\/p>\n<\/div><div ><span class=\" fusion-imageframe imageframe-none imageframe-4 hover-type-none\"><img decoding=\"async\" width=\"1033\" height=\"695\" title=\"Sn\u00edmek obrazovky 2025-05-21 134211\" src=\"https:\/\/zivykraj.cz\/wp-content\/uploads\/2025\/05\/Snimek-obrazovky-2025-05-21-134211.jpg\" data-orig-src=\"https:\/\/zivykraj.cz\/wp-content\/uploads\/2025\/05\/Snimek-obrazovky-2025-05-21-134211.jpg\" alt class=\"lazyload img-responsive wp-image-84688\" srcset=\"data:image\/svg+xml,%3Csvg%20xmlns%3D%27http%3A%2F%2Fwww.w3.org%2F2000%2Fsvg%27%20width%3D%271033%27%20height%3D%27695%27%20viewBox%3D%270%200%201033%20695%27%3E%3Crect%20width%3D%271033%27%20height%3D%27695%27%20fill-opacity%3D%220%22%2F%3E%3C%2Fsvg%3E\" data-srcset=\"https:\/\/zivykraj.cz\/wp-content\/uploads\/2025\/05\/Snimek-obrazovky-2025-05-21-134211-200x135.jpg 200w, https:\/\/zivykraj.cz\/wp-content\/uploads\/2025\/05\/Snimek-obrazovky-2025-05-21-134211-400x269.jpg 400w, https:\/\/zivykraj.cz\/wp-content\/uploads\/2025\/05\/Snimek-obrazovky-2025-05-21-134211-600x404.jpg 600w, https:\/\/zivykraj.cz\/wp-content\/uploads\/2025\/05\/Snimek-obrazovky-2025-05-21-134211-800x538.jpg 800w, https:\/\/zivykraj.cz\/wp-content\/uploads\/2025\/05\/Snimek-obrazovky-2025-05-21-134211.jpg 1033w\" data-sizes=\"auto\" data-orig-sizes=\"(max-width: 1024px) 100vw, (max-width: 640px) 100vw, 1033px\" \/><\/span><\/div><\/div><style type=\"text\/css\">.fusion-body .fusion-builder-column-3{width:100% !important;margin-top : 0px;margin-bottom : 0px;}.fusion-builder-column-3 > .fusion-column-wrapper {padding-top : 0px !important;padding-right : 0px !important;margin-right : 1.92%;padding-bottom : 0px !important;padding-left : 0px !important;margin-left : 1.92%;}@media only screen and (max-width:1024px) {.fusion-body .fusion-builder-column-3{width:100% !important;order : 0;}.fusion-builder-column-3 > .fusion-column-wrapper {margin-right : 1.92%;margin-left : 1.92%;}}@media only screen and (max-width:640px) {.fusion-body .fusion-builder-column-3{width:100% !important;order : 0;}.fusion-builder-column-3 > .fusion-column-wrapper {margin-right : 1.92%;margin-left : 1.92%;}}<\/style><\/div><\/div><style type=\"text\/css\">.fusion-body .fusion-flex-container.fusion-builder-row-1{ padding-top : 0px;margin-top : 0px;padding-right : 0px;padding-bottom : 0px;margin-bottom : 0px;padding-left : 0px;}<\/style><\/div>\n","protected":false},"excerpt":{"rendered":"<p>Die Stille der Kolonnaden, der Dampf, der aus einer Tasse Quellwasser aufsteigt, die Raffinesse der kaiserlichen S\u00e4le und die Kl\u00e4nge eines Konzerts unter freiem Himmel&#8230; In diesem Jahr erwartet Sie in Karlovy Vary nicht nur eine wundersch\u00f6ne Landschaft, sondern auch eine Geschichte, die tief in die Geschichte reicht. Das Jahr 2025 steht im Zeichen von Dr. David Becher. Der Mann, der dem Kurwesen eine neue Richtung gab und der Stadt ihren einzigartigen Rhythmus verlieh. Und jetzt ist Ihre Chance, die Tradition zu erleben, die jeden Besuch zu einem besonderen Erlebnis macht!<\/p>\n","protected":false},"author":1,"featured_media":84648,"comment_status":"open","ping_status":"open","sticky":false,"template":"","format":"standard","meta":{"_acf_changed":false,"inline_featured_image":false,"footnotes":""},"categories":[466,583,396],"tags":[584,426,798],"acf":[],"yoast_head":"<!-- This site is optimized with the Yoast SEO plugin v22.3 - https:\/\/yoast.com\/wordpress\/plugins\/seo\/ -->\n<title>Das Jahr des David Becher: Karlovy Vary anders erleben | \u017divyKraj.cz<\/title>\n<meta name=\"description\" content=\"Po zimn\u00ed pauze je n\u00e1\u0161 cyklistick\u00fd seri\u00e1l zp\u011bt \u2013 a hned v\u00e1s zve do sedla! P\u0159edstavte si, \u017ee \u0161lapete klidnou cestou lemovanou hust\u00fdmi lesy, m\u00edj\u00edte tich\u00e9 l\u00e1ze\u0148sk\u00e9 parky i tajemn\u00e1 ra\u0161elini\u0161t\u011b, d\u00fdch\u00e1te \u010derstv\u00fd vzduch a m\u00e1te \u010das jen pro sebe, pro sv\u00e9 my\u0161lenky, nebo pro radost d\u011bt\u00ed, kter\u00e9 v\u00e1s nad\u0161en\u011b p\u0159edj\u00ed\u017ed\u011bj\u00ed. P\u0159esn\u011b takov\u00e9 chv\u00edle v\u00e1m nab\u00edz\u00ed cykloregion \u010cesko-bavorsk\u00e9 l\u00e1zn\u011b.\" \/>\n<meta name=\"robots\" content=\"index, follow, max-snippet:-1, max-image-preview:large, max-video-preview:-1\" \/>\n<link rel=\"canonical\" href=\"https:\/\/zivykraj.cz\/de\/aktivitaten\/rok-davida-bechera-zazijte-karlovy-vary-jinak\/\" \/>\n<meta property=\"og:locale\" content=\"de_DE\" \/>\n<meta property=\"og:type\" content=\"article\" \/>\n<meta property=\"og:title\" content=\"Das Jahr des David Becher: Karlovy Vary anders erleben | \u017divyKraj.cz\" \/>\n<meta property=\"og:description\" content=\"Po zimn\u00ed pauze je n\u00e1\u0161 cyklistick\u00fd seri\u00e1l zp\u011bt \u2013 a hned v\u00e1s zve do sedla! P\u0159edstavte si, \u017ee \u0161lapete klidnou cestou lemovanou hust\u00fdmi lesy, m\u00edj\u00edte tich\u00e9 l\u00e1ze\u0148sk\u00e9 parky i tajemn\u00e1 ra\u0161elini\u0161t\u011b, d\u00fdch\u00e1te \u010derstv\u00fd vzduch a m\u00e1te \u010das jen pro sebe, pro sv\u00e9 my\u0161lenky, nebo pro radost d\u011bt\u00ed, kter\u00e9 v\u00e1s nad\u0161en\u011b p\u0159edj\u00ed\u017ed\u011bj\u00ed. P\u0159esn\u011b takov\u00e9 chv\u00edle v\u00e1m nab\u00edz\u00ed cykloregion \u010cesko-bavorsk\u00e9 l\u00e1zn\u011b.\" \/>\n<meta property=\"og:url\" content=\"https:\/\/zivykraj.cz\/de\/aktivitaten\/rok-davida-bechera-zazijte-karlovy-vary-jinak\/\" \/>\n<meta property=\"og:site_name\" content=\"\u017divyKraj.cz\" \/>\n<meta property=\"article:published_time\" content=\"2025-05-22T08:06:24+00:00\" \/>\n<meta property=\"article:modified_time\" content=\"2025-05-29T08:37:51+00:00\" \/>\n<meta property=\"og:image\" content=\"https:\/\/zivykraj.cz\/wp-content\/uploads\/2025\/05\/Rozkvetle-Karlovy-Vary-Vlada_Surmaj-1024x683.jpg\" \/>\n\t<meta property=\"og:image:width\" content=\"1024\" \/>\n\t<meta property=\"og:image:height\" content=\"683\" \/>\n\t<meta property=\"og:image:type\" content=\"image\/jpeg\" \/>\n<meta name=\"author\" content=\"admin\" \/>\n<meta name=\"twitter:card\" content=\"summary_large_image\" \/>\n<meta name=\"twitter:label1\" content=\"Verfasst von\" \/>\n\t<meta name=\"twitter:data1\" content=\"admin\" \/>\n\t<meta name=\"twitter:label2\" content=\"Gesch\u00e4tzte Lesezeit\" \/>\n\t<meta name=\"twitter:data2\" content=\"12 Minuten\" \/>\n<script type=\"application\/ld+json\" class=\"yoast-schema-graph\">{\"@context\":\"https:\/\/schema.org\",\"@graph\":[{\"@type\":\"Article\",\"@id\":\"https:\/\/zivykraj.cz\/de\/aktivitaten\/rok-davida-bechera-zazijte-karlovy-vary-jinak\/#article\",\"isPartOf\":{\"@id\":\"https:\/\/zivykraj.cz\/de\/aktivitaten\/rok-davida-bechera-zazijte-karlovy-vary-jinak\/\"},\"author\":{\"name\":\"admin\",\"@id\":\"https:\/\/zivykraj.cz\/de\/#\/schema\/person\/ab1f0ec064fefb752cd2d8e4a0c6acc8\"},\"headline\":\"Das Jahr des David Becher: Karlovy Vary anders erleben\",\"datePublished\":\"2025-05-22T08:06:24+00:00\",\"dateModified\":\"2025-05-29T08:37:51+00:00\",\"mainEntityOfPage\":{\"@id\":\"https:\/\/zivykraj.cz\/de\/aktivitaten\/rok-davida-bechera-zazijte-karlovy-vary-jinak\/\"},\"wordCount\":3954,\"commentCount\":0,\"publisher\":{\"@id\":\"https:\/\/zivykraj.cz\/de\/#organization\"},\"image\":{\"@id\":\"https:\/\/zivykraj.cz\/de\/aktivitaten\/rok-davida-bechera-zazijte-karlovy-vary-jinak\/#primaryimage\"},\"thumbnailUrl\":\"https:\/\/zivykraj.cz\/wp-content\/uploads\/2025\/05\/Rozkvetle-Karlovy-Vary-Vlada_Surmaj.jpg\",\"keywords\":[\"Aktivit\u00e4ten und Erlebnisse\",\"Karlsbad\",\"Tipps\"],\"articleSection\":[\"Aktivit\u00e4ten\",\"Sport\",\"Tipps\"],\"inLanguage\":\"de-DE\",\"potentialAction\":[{\"@type\":\"CommentAction\",\"name\":\"Comment\",\"target\":[\"https:\/\/zivykraj.cz\/de\/aktivitaten\/rok-davida-bechera-zazijte-karlovy-vary-jinak\/#respond\"]}]},{\"@type\":\"WebPage\",\"@id\":\"https:\/\/zivykraj.cz\/de\/aktivitaten\/rok-davida-bechera-zazijte-karlovy-vary-jinak\/\",\"url\":\"https:\/\/zivykraj.cz\/de\/aktivitaten\/rok-davida-bechera-zazijte-karlovy-vary-jinak\/\",\"name\":\"Das Jahr des David Becher: Karlovy Vary anders erleben | \u017divyKraj.cz\",\"isPartOf\":{\"@id\":\"https:\/\/zivykraj.cz\/de\/#website\"},\"primaryImageOfPage\":{\"@id\":\"https:\/\/zivykraj.cz\/de\/aktivitaten\/rok-davida-bechera-zazijte-karlovy-vary-jinak\/#primaryimage\"},\"image\":{\"@id\":\"https:\/\/zivykraj.cz\/de\/aktivitaten\/rok-davida-bechera-zazijte-karlovy-vary-jinak\/#primaryimage\"},\"thumbnailUrl\":\"https:\/\/zivykraj.cz\/wp-content\/uploads\/2025\/05\/Rozkvetle-Karlovy-Vary-Vlada_Surmaj.jpg\",\"datePublished\":\"2025-05-22T08:06:24+00:00\",\"dateModified\":\"2025-05-29T08:37:51+00:00\",\"description\":\"Po zimn\u00ed pauze je n\u00e1\u0161 cyklistick\u00fd seri\u00e1l zp\u011bt \u2013 a hned v\u00e1s zve do sedla! P\u0159edstavte si, \u017ee \u0161lapete klidnou cestou lemovanou hust\u00fdmi lesy, m\u00edj\u00edte tich\u00e9 l\u00e1ze\u0148sk\u00e9 parky i tajemn\u00e1 ra\u0161elini\u0161t\u011b, d\u00fdch\u00e1te \u010derstv\u00fd vzduch a m\u00e1te \u010das jen pro sebe, pro sv\u00e9 my\u0161lenky, nebo pro radost d\u011bt\u00ed, kter\u00e9 v\u00e1s nad\u0161en\u011b p\u0159edj\u00ed\u017ed\u011bj\u00ed. P\u0159esn\u011b takov\u00e9 chv\u00edle v\u00e1m nab\u00edz\u00ed cykloregion \u010cesko-bavorsk\u00e9 l\u00e1zn\u011b.\",\"breadcrumb\":{\"@id\":\"https:\/\/zivykraj.cz\/de\/aktivitaten\/rok-davida-bechera-zazijte-karlovy-vary-jinak\/#breadcrumb\"},\"inLanguage\":\"de-DE\",\"potentialAction\":[{\"@type\":\"ReadAction\",\"target\":[\"https:\/\/zivykraj.cz\/de\/aktivitaten\/rok-davida-bechera-zazijte-karlovy-vary-jinak\/\"]}]},{\"@type\":\"ImageObject\",\"inLanguage\":\"de-DE\",\"@id\":\"https:\/\/zivykraj.cz\/de\/aktivitaten\/rok-davida-bechera-zazijte-karlovy-vary-jinak\/#primaryimage\",\"url\":\"https:\/\/zivykraj.cz\/wp-content\/uploads\/2025\/05\/Rozkvetle-Karlovy-Vary-Vlada_Surmaj.jpg\",\"contentUrl\":\"https:\/\/zivykraj.cz\/wp-content\/uploads\/2025\/05\/Rozkvetle-Karlovy-Vary-Vlada_Surmaj.jpg\",\"width\":2120,\"height\":1414},{\"@type\":\"BreadcrumbList\",\"@id\":\"https:\/\/zivykraj.cz\/de\/aktivitaten\/rok-davida-bechera-zazijte-karlovy-vary-jinak\/#breadcrumb\",\"itemListElement\":[{\"@type\":\"ListItem\",\"position\":1,\"name\":\"Home\",\"item\":\"https:\/\/zivykraj.cz\/de\/\"},{\"@type\":\"ListItem\",\"position\":2,\"name\":\"Das Jahr des David Becher: Karlovy Vary anders erleben\"}]},{\"@type\":\"WebSite\",\"@id\":\"https:\/\/zivykraj.cz\/de\/#website\",\"url\":\"https:\/\/zivykraj.cz\/de\/\",\"name\":\"\u017divyKraj.cz\",\"description\":\"Turistick\u00fd web - Karlovarsk\u00fd kraj\",\"publisher\":{\"@id\":\"https:\/\/zivykraj.cz\/de\/#organization\"},\"potentialAction\":[{\"@type\":\"SearchAction\",\"target\":{\"@type\":\"EntryPoint\",\"urlTemplate\":\"https:\/\/zivykraj.cz\/de\/?s={search_term_string}\"},\"query-input\":\"required name=search_term_string\"}],\"inLanguage\":\"de-DE\"},{\"@type\":\"Organization\",\"@id\":\"https:\/\/zivykraj.cz\/de\/#organization\",\"name\":\"\u017divyKraj.cz\",\"url\":\"https:\/\/zivykraj.cz\/de\/\",\"logo\":{\"@type\":\"ImageObject\",\"inLanguage\":\"de-DE\",\"@id\":\"https:\/\/zivykraj.cz\/de\/#\/schema\/logo\/image\/\",\"url\":\"https:\/\/zivykraj.cz\/wp-content\/uploads\/2021\/08\/logo_white.png\",\"contentUrl\":\"https:\/\/zivykraj.cz\/wp-content\/uploads\/2021\/08\/logo_white.png\",\"width\":223,\"height\":59,\"caption\":\"\u017divyKraj.cz\"},\"image\":{\"@id\":\"https:\/\/zivykraj.cz\/de\/#\/schema\/logo\/image\/\"}},{\"@type\":\"Person\",\"@id\":\"https:\/\/zivykraj.cz\/de\/#\/schema\/person\/ab1f0ec064fefb752cd2d8e4a0c6acc8\",\"name\":\"admin\",\"image\":{\"@type\":\"ImageObject\",\"inLanguage\":\"de-DE\",\"@id\":\"https:\/\/zivykraj.cz\/de\/#\/schema\/person\/image\/\",\"url\":\"https:\/\/secure.gravatar.com\/avatar\/031436a0962827c8c44a070d61f216c5?s=96&d=mm&r=g\",\"contentUrl\":\"https:\/\/secure.gravatar.com\/avatar\/031436a0962827c8c44a070d61f216c5?s=96&d=mm&r=g\",\"caption\":\"admin\"},\"url\":\"https:\/\/zivykraj.cz\/de\/author\/admin\/\"}]}<\/script>\n<!-- \/ Yoast SEO plugin. -->","yoast_head_json":{"title":"Das Jahr des David Becher: Karlovy Vary anders erleben | \u017divyKraj.cz","description":"Po zimn\u00ed pauze je n\u00e1\u0161 cyklistick\u00fd seri\u00e1l zp\u011bt \u2013 a hned v\u00e1s zve do sedla! P\u0159edstavte si, \u017ee \u0161lapete klidnou cestou lemovanou hust\u00fdmi lesy, m\u00edj\u00edte tich\u00e9 l\u00e1ze\u0148sk\u00e9 parky i tajemn\u00e1 ra\u0161elini\u0161t\u011b, d\u00fdch\u00e1te \u010derstv\u00fd vzduch a m\u00e1te \u010das jen pro sebe, pro sv\u00e9 my\u0161lenky, nebo pro radost d\u011bt\u00ed, kter\u00e9 v\u00e1s nad\u0161en\u011b p\u0159edj\u00ed\u017ed\u011bj\u00ed. P\u0159esn\u011b takov\u00e9 chv\u00edle v\u00e1m nab\u00edz\u00ed cykloregion \u010cesko-bavorsk\u00e9 l\u00e1zn\u011b.","robots":{"index":"index","follow":"follow","max-snippet":"max-snippet:-1","max-image-preview":"max-image-preview:large","max-video-preview":"max-video-preview:-1"},"canonical":"https:\/\/zivykraj.cz\/de\/aktivitaten\/rok-davida-bechera-zazijte-karlovy-vary-jinak\/","og_locale":"de_DE","og_type":"article","og_title":"Das Jahr des David Becher: Karlovy Vary anders erleben | \u017divyKraj.cz","og_description":"Po zimn\u00ed pauze je n\u00e1\u0161 cyklistick\u00fd seri\u00e1l zp\u011bt \u2013 a hned v\u00e1s zve do sedla! P\u0159edstavte si, \u017ee \u0161lapete klidnou cestou lemovanou hust\u00fdmi lesy, m\u00edj\u00edte tich\u00e9 l\u00e1ze\u0148sk\u00e9 parky i tajemn\u00e1 ra\u0161elini\u0161t\u011b, d\u00fdch\u00e1te \u010derstv\u00fd vzduch a m\u00e1te \u010das jen pro sebe, pro sv\u00e9 my\u0161lenky, nebo pro radost d\u011bt\u00ed, kter\u00e9 v\u00e1s nad\u0161en\u011b p\u0159edj\u00ed\u017ed\u011bj\u00ed. P\u0159esn\u011b takov\u00e9 chv\u00edle v\u00e1m nab\u00edz\u00ed cykloregion \u010cesko-bavorsk\u00e9 l\u00e1zn\u011b.","og_url":"https:\/\/zivykraj.cz\/de\/aktivitaten\/rok-davida-bechera-zazijte-karlovy-vary-jinak\/","og_site_name":"\u017divyKraj.cz","article_published_time":"2025-05-22T08:06:24+00:00","article_modified_time":"2025-05-29T08:37:51+00:00","og_image":[{"width":1024,"height":683,"url":"https:\/\/zivykraj.cz\/wp-content\/uploads\/2025\/05\/Rozkvetle-Karlovy-Vary-Vlada_Surmaj-1024x683.jpg","type":"image\/jpeg"}],"author":"admin","twitter_card":"summary_large_image","twitter_misc":{"Verfasst von":"admin","Gesch\u00e4tzte Lesezeit":"12 Minuten"},"schema":{"@context":"https:\/\/schema.org","@graph":[{"@type":"Article","@id":"https:\/\/zivykraj.cz\/de\/aktivitaten\/rok-davida-bechera-zazijte-karlovy-vary-jinak\/#article","isPartOf":{"@id":"https:\/\/zivykraj.cz\/de\/aktivitaten\/rok-davida-bechera-zazijte-karlovy-vary-jinak\/"},"author":{"name":"admin","@id":"https:\/\/zivykraj.cz\/de\/#\/schema\/person\/ab1f0ec064fefb752cd2d8e4a0c6acc8"},"headline":"Das Jahr des David Becher: Karlovy Vary anders erleben","datePublished":"2025-05-22T08:06:24+00:00","dateModified":"2025-05-29T08:37:51+00:00","mainEntityOfPage":{"@id":"https:\/\/zivykraj.cz\/de\/aktivitaten\/rok-davida-bechera-zazijte-karlovy-vary-jinak\/"},"wordCount":3954,"commentCount":0,"publisher":{"@id":"https:\/\/zivykraj.cz\/de\/#organization"},"image":{"@id":"https:\/\/zivykraj.cz\/de\/aktivitaten\/rok-davida-bechera-zazijte-karlovy-vary-jinak\/#primaryimage"},"thumbnailUrl":"https:\/\/zivykraj.cz\/wp-content\/uploads\/2025\/05\/Rozkvetle-Karlovy-Vary-Vlada_Surmaj.jpg","keywords":["Aktivit\u00e4ten und Erlebnisse","Karlsbad","Tipps"],"articleSection":["Aktivit\u00e4ten","Sport","Tipps"],"inLanguage":"de-DE","potentialAction":[{"@type":"CommentAction","name":"Comment","target":["https:\/\/zivykraj.cz\/de\/aktivitaten\/rok-davida-bechera-zazijte-karlovy-vary-jinak\/#respond"]}]},{"@type":"WebPage","@id":"https:\/\/zivykraj.cz\/de\/aktivitaten\/rok-davida-bechera-zazijte-karlovy-vary-jinak\/","url":"https:\/\/zivykraj.cz\/de\/aktivitaten\/rok-davida-bechera-zazijte-karlovy-vary-jinak\/","name":"Das Jahr des David Becher: Karlovy Vary anders erleben | \u017divyKraj.cz","isPartOf":{"@id":"https:\/\/zivykraj.cz\/de\/#website"},"primaryImageOfPage":{"@id":"https:\/\/zivykraj.cz\/de\/aktivitaten\/rok-davida-bechera-zazijte-karlovy-vary-jinak\/#primaryimage"},"image":{"@id":"https:\/\/zivykraj.cz\/de\/aktivitaten\/rok-davida-bechera-zazijte-karlovy-vary-jinak\/#primaryimage"},"thumbnailUrl":"https:\/\/zivykraj.cz\/wp-content\/uploads\/2025\/05\/Rozkvetle-Karlovy-Vary-Vlada_Surmaj.jpg","datePublished":"2025-05-22T08:06:24+00:00","dateModified":"2025-05-29T08:37:51+00:00","description":"Po zimn\u00ed pauze je n\u00e1\u0161 cyklistick\u00fd seri\u00e1l zp\u011bt \u2013 a hned v\u00e1s zve do sedla! P\u0159edstavte si, \u017ee \u0161lapete klidnou cestou lemovanou hust\u00fdmi lesy, m\u00edj\u00edte tich\u00e9 l\u00e1ze\u0148sk\u00e9 parky i tajemn\u00e1 ra\u0161elini\u0161t\u011b, d\u00fdch\u00e1te \u010derstv\u00fd vzduch a m\u00e1te \u010das jen pro sebe, pro sv\u00e9 my\u0161lenky, nebo pro radost d\u011bt\u00ed, kter\u00e9 v\u00e1s nad\u0161en\u011b p\u0159edj\u00ed\u017ed\u011bj\u00ed. P\u0159esn\u011b takov\u00e9 chv\u00edle v\u00e1m nab\u00edz\u00ed cykloregion \u010cesko-bavorsk\u00e9 l\u00e1zn\u011b.","breadcrumb":{"@id":"https:\/\/zivykraj.cz\/de\/aktivitaten\/rok-davida-bechera-zazijte-karlovy-vary-jinak\/#breadcrumb"},"inLanguage":"de-DE","potentialAction":[{"@type":"ReadAction","target":["https:\/\/zivykraj.cz\/de\/aktivitaten\/rok-davida-bechera-zazijte-karlovy-vary-jinak\/"]}]},{"@type":"ImageObject","inLanguage":"de-DE","@id":"https:\/\/zivykraj.cz\/de\/aktivitaten\/rok-davida-bechera-zazijte-karlovy-vary-jinak\/#primaryimage","url":"https:\/\/zivykraj.cz\/wp-content\/uploads\/2025\/05\/Rozkvetle-Karlovy-Vary-Vlada_Surmaj.jpg","contentUrl":"https:\/\/zivykraj.cz\/wp-content\/uploads\/2025\/05\/Rozkvetle-Karlovy-Vary-Vlada_Surmaj.jpg","width":2120,"height":1414},{"@type":"BreadcrumbList","@id":"https:\/\/zivykraj.cz\/de\/aktivitaten\/rok-davida-bechera-zazijte-karlovy-vary-jinak\/#breadcrumb","itemListElement":[{"@type":"ListItem","position":1,"name":"Home","item":"https:\/\/zivykraj.cz\/de\/"},{"@type":"ListItem","position":2,"name":"Das Jahr des David Becher: Karlovy Vary anders erleben"}]},{"@type":"WebSite","@id":"https:\/\/zivykraj.cz\/de\/#website","url":"https:\/\/zivykraj.cz\/de\/","name":"\u017divyKraj.cz","description":"Turistick\u00fd web - Karlovarsk\u00fd kraj","publisher":{"@id":"https:\/\/zivykraj.cz\/de\/#organization"},"potentialAction":[{"@type":"SearchAction","target":{"@type":"EntryPoint","urlTemplate":"https:\/\/zivykraj.cz\/de\/?s={search_term_string}"},"query-input":"required name=search_term_string"}],"inLanguage":"de-DE"},{"@type":"Organization","@id":"https:\/\/zivykraj.cz\/de\/#organization","name":"\u017divyKraj.cz","url":"https:\/\/zivykraj.cz\/de\/","logo":{"@type":"ImageObject","inLanguage":"de-DE","@id":"https:\/\/zivykraj.cz\/de\/#\/schema\/logo\/image\/","url":"https:\/\/zivykraj.cz\/wp-content\/uploads\/2021\/08\/logo_white.png","contentUrl":"https:\/\/zivykraj.cz\/wp-content\/uploads\/2021\/08\/logo_white.png","width":223,"height":59,"caption":"\u017divyKraj.cz"},"image":{"@id":"https:\/\/zivykraj.cz\/de\/#\/schema\/logo\/image\/"}},{"@type":"Person","@id":"https:\/\/zivykraj.cz\/de\/#\/schema\/person\/ab1f0ec064fefb752cd2d8e4a0c6acc8","name":"admin","image":{"@type":"ImageObject","inLanguage":"de-DE","@id":"https:\/\/zivykraj.cz\/de\/#\/schema\/person\/image\/","url":"https:\/\/secure.gravatar.com\/avatar\/031436a0962827c8c44a070d61f216c5?s=96&d=mm&r=g","contentUrl":"https:\/\/secure.gravatar.com\/avatar\/031436a0962827c8c44a070d61f216c5?s=96&d=mm&r=g","caption":"admin"},"url":"https:\/\/zivykraj.cz\/de\/author\/admin\/"}]}},"_links":{"self":[{"href":"https:\/\/zivykraj.cz\/de\/wp-json\/wp\/v2\/posts\/84892"}],"collection":[{"href":"https:\/\/zivykraj.cz\/de\/wp-json\/wp\/v2\/posts"}],"about":[{"href":"https:\/\/zivykraj.cz\/de\/wp-json\/wp\/v2\/types\/post"}],"author":[{"embeddable":true,"href":"https:\/\/zivykraj.cz\/de\/wp-json\/wp\/v2\/users\/1"}],"replies":[{"embeddable":true,"href":"https:\/\/zivykraj.cz\/de\/wp-json\/wp\/v2\/comments?post=84892"}],"version-history":[{"count":9,"href":"https:\/\/zivykraj.cz\/de\/wp-json\/wp\/v2\/posts\/84892\/revisions"}],"predecessor-version":[{"id":84901,"href":"https:\/\/zivykraj.cz\/de\/wp-json\/wp\/v2\/posts\/84892\/revisions\/84901"}],"wp:featuredmedia":[{"embeddable":true,"href":"https:\/\/zivykraj.cz\/de\/wp-json\/wp\/v2\/media\/84648"}],"wp:attachment":[{"href":"https:\/\/zivykraj.cz\/de\/wp-json\/wp\/v2\/media?parent=84892"}],"wp:term":[{"taxonomy":"category","embeddable":true,"href":"https:\/\/zivykraj.cz\/de\/wp-json\/wp\/v2\/categories?post=84892"},{"taxonomy":"post_tag","embeddable":true,"href":"https:\/\/zivykraj.cz\/de\/wp-json\/wp\/v2\/tags?post=84892"}],"curies":[{"name":"wp","href":"https:\/\/api.w.org\/{rel}","templated":true}]}}