{"id":90885,"date":"2026-01-23T12:48:35","date_gmt":"2026-01-23T11:48:35","guid":{"rendered":"https:\/\/zivykraj.cz\/?p=90885"},"modified":"2026-04-16T09:17:05","modified_gmt":"2026-04-16T07:17:05","slug":"wenn-kurruhe-auf-kunst-trifft","status":"publish","type":"post","link":"https:\/\/zivykraj.cz\/de\/aktivitaten\/wenn-kurruhe-auf-kunst-trifft\/","title":{"rendered":"Wenn Kurruhe auf Kunst trifft"},"content":{"rendered":"<p><div class=\"fusion-fullwidth fullwidth-box fusion-builder-row-1 fusion-flex-container nonhundred-percent-fullwidth non-hundred-percent-height-scrolling\" style=\"background-color: rgba(255,255,255,0);background-position: center center;background-repeat: no-repeat;border-width: 0px 0px 0px 0px;border-color:#ecefef;border-style:solid;\" ><div class=\"fusion-builder-row fusion-row fusion-flex-align-items-flex-start\" style=\"max-width:1206.4px;margin-left: calc(-4% \/ 2 );margin-right: calc(-4% \/ 2 );\"><div class=\"fusion-layout-column fusion_builder_column fusion-builder-column-0 fusion_builder_column_1_1 1_1 fusion-flex-column\"><div class=\"fusion-column-wrapper fusion-flex-justify-content-flex-start fusion-content-layout-column\" style=\"background-position:left top;background-repeat:no-repeat;-webkit-background-size:cover;-moz-background-size:cover;-o-background-size:cover;background-size:cover;padding: 0px 0px 0px 0px;\"><div class=\"fusion-text fusion-text-1\"><p><strong>W\u00e4hrend drau\u00dfen die Kolonnade leise rauscht, herrschen drinnen Ruhe und eine angenehme Atmosph\u00e4re, die jedem Detail Raum gibt. In der Galerie der Bildenden K\u00fcnste Karlsbad und in der Becher-Villa verwandelt sich die typische Kurstadt-Gelassenheit in einen Ort, an dem man innehalten, entschleunigen und ganz bei sich selbst sein kann. Und wenn Sie sich eher zum bildenden und angewandten Kunstschaffen hingezogen f\u00fchlen, lohnt sich ein Abstecher in den Letohr\u00e1dek Ostrov \u2013 hier erwarten Sie inspirierende Energie und der Mut zum Experiment.<\/strong><\/p>\n<p>Jeder dieser Orte hat seine eigene Seele. <strong>Die Galerie der Bildenden K\u00fcnste<\/strong>, eingebettet in viel Gr\u00fcn und umgeben von Jugendstilvillen, ist seit Jahrzehnten ein fester Bestandteil der Karlsbader Kulturszene. Sie er\u00f6ffnet Einblicke in die tschechische Kunst des 20. Jahrhunderts ebenso wie in zeitgen\u00f6ssische Positionen.<br \/>\nDie Becher-Villa, einst das Familiendomizil der ber\u00fchmten Becher-Dynastie im Stadtteil Westend, lebt heute als interaktive Galerie mit wechselnden Ausstellungen und vielseitigem Begleitprogramm.<br \/>\nUnd der \u201e<strong>Letohr\u00e1dek Ostrov\u201c<\/strong>? Ein fr\u00fchbarockes Lustschloss inmitten eines Parks \u2013 eine stille Oase au\u00dferhalb der Zeit, in der Geschichte auf moderne k\u00fcnstlerische Ausdrucksformen trifft.<\/p>\n<p><strong>Galerie der Bildenden K\u00fcnste Karlsbad<\/strong><\/p>\n<p>Nur wenige Schritte vom Stadtzentrum entfernt steht ein Geb\u00e4ude, das seit mehr als sieben Jahrzehnten die Entwicklungen der tschechischen bildenden Kunst widerspiegelt \u2013 die Galerie der <strong>Bildenden K\u00fcnste Karlsbad.<\/strong> Hinter den gro\u00dfen Fenstern breitet sich weiches Licht aus, das \u00fcber Gem\u00e4lde und Skulpturen gleitet und den Raum mit einer wohltuenden Stille erf\u00fcllt.<\/p>\n<p>Sie finden die Galerie an der \u201e<strong>Goethova stezka\u201c<\/strong>, eingebettet in das Gr\u00fcn des Kurparks und nur etwa zehn Gehminuten von der Kolonnade entfernt. Das Jugendstilgeb\u00e4ude ist bereits f\u00fcr sich genommen einen Halt wert \u2013 doch der eigentliche Zauber entfaltet sich im Inneren.<br \/>\nDie Galerie <strong>ist das \u00e4lteste und zugleich gr\u00f6\u00dfte Museum f\u00fcr bildende Kunst in der Region Karlsbad<\/strong> und hat im Laufe ihres Bestehens nahezu 700 Ausstellungen pr\u00e4sentiert. Heute ist sie ein lebendiges Kulturzentrum, in dem sich Geschichte und Gegenwart begegnen, Kunst und Musik ineinandergreifen und Menschen jeden Alters \u2013 Erwachsene wie Kinder \u2013 Raum f\u00fcr Ruhe ebenso wie f\u00fcr kreative Inspiration finden.<\/p>\n<\/div><div ><span class=\" fusion-imageframe imageframe-none imageframe-1 hover-type-none\"><img decoding=\"async\" width=\"1024\" height=\"716\" title=\"GUKV\" src=\"https:\/\/zivykraj.cz\/wp-content\/uploads\/2025\/11\/GUKV.jpg\" data-orig-src=\"https:\/\/zivykraj.cz\/wp-content\/uploads\/2025\/11\/GUKV.jpg\" alt class=\"lazyload img-responsive wp-image-88922\" srcset=\"data:image\/svg+xml,%3Csvg%20xmlns%3D%27http%3A%2F%2Fwww.w3.org%2F2000%2Fsvg%27%20width%3D%271024%27%20height%3D%27716%27%20viewBox%3D%270%200%201024%20716%27%3E%3Crect%20width%3D%271024%27%20height%3D%27716%27%20fill-opacity%3D%220%22%2F%3E%3C%2Fsvg%3E\" data-srcset=\"https:\/\/zivykraj.cz\/wp-content\/uploads\/2025\/11\/GUKV-200x140.jpg 200w, https:\/\/zivykraj.cz\/wp-content\/uploads\/2025\/11\/GUKV-400x280.jpg 400w, https:\/\/zivykraj.cz\/wp-content\/uploads\/2025\/11\/GUKV-600x420.jpg 600w, https:\/\/zivykraj.cz\/wp-content\/uploads\/2025\/11\/GUKV-800x559.jpg 800w, https:\/\/zivykraj.cz\/wp-content\/uploads\/2025\/11\/GUKV.jpg 1024w\" data-sizes=\"auto\" data-orig-sizes=\"(max-width: 1024px) 100vw, (max-width: 640px) 100vw, 1024px\" \/><\/span><\/div><\/div><style type=\"text\/css\">.fusion-body .fusion-builder-column-0{width:100% !important;margin-top : 25px;margin-bottom : 25px;}.fusion-builder-column-0 > .fusion-column-wrapper {padding-top : 0px !important;padding-right : 0px !important;margin-right : 1.92%;padding-bottom : 0px !important;padding-left : 0px !important;margin-left : 1.92%;}@media only screen and (max-width:1024px) {.fusion-body .fusion-builder-column-0{width:100% !important;order : 0;}.fusion-builder-column-0 > .fusion-column-wrapper {margin-right : 1.92%;margin-left : 1.92%;}}@media only screen and (max-width:640px) {.fusion-body .fusion-builder-column-0{width:100% !important;order : 0;}.fusion-builder-column-0 > .fusion-column-wrapper {margin-right : 1.92%;margin-left : 1.92%;}}<\/style><\/div><\/div><style type=\"text\/css\">.fusion-body .fusion-flex-container.fusion-builder-row-1{ padding-top : 0px;margin-top : 0px;padding-right : 0px;padding-bottom : 0px;margin-bottom : 0px;padding-left : 0px;}<\/style><\/div><div class=\"fusion-fullwidth fullwidth-box fusion-builder-row-2 fusion-flex-container nonhundred-percent-fullwidth non-hundred-percent-height-scrolling\" style=\"background-color: rgba(255,255,255,0);background-position: center center;background-repeat: no-repeat;border-width: 0px 0px 0px 0px;border-color:#ecefef;border-style:solid;\" ><div class=\"fusion-builder-row fusion-row fusion-flex-align-items-flex-start\" style=\"max-width:1206.4px;margin-left: calc(-4% \/ 2 );margin-right: calc(-4% \/ 2 );\"><div class=\"fusion-layout-column fusion_builder_column fusion-builder-column-1 fusion_builder_column_1_1 1_1 fusion-flex-column\"><div class=\"fusion-column-wrapper fusion-flex-justify-content-flex-start fusion-content-layout-column\" style=\"background-position:left top;background-repeat:no-repeat;-webkit-background-size:cover;-moz-background-size:cover;-o-background-size:cover;background-size:cover;padding: 0px 0px 0px 0px;\"><div class=\"fusion-text fusion-text-2\"><p><strong>Sieben Jahrzehnte tschechischer Kunst<\/strong><\/p>\n<p>Anl\u00e4sslich des 70-j\u00e4hrigen Bestehens der Galerie entstand die Dauerausstellung <strong>\u201eSieben Jahrzehnte \/ Galerie der Bildenden K\u00fcnste Karlsbad (1953\u20132023)\u201c<\/strong>. Worauf d\u00fcrfen Sie sich freuen? Auf eine Reise durch die Zeit, bei der Sie an einem Ort die bedeutendsten Werke der tschechischen Kunst des vergangenen und des aktuellen Jahrhunderts entdecken.<\/p>\n<p>Von den Leinw\u00e4nden blicken Ihnen Pers\u00f6nlichkeiten wie <strong>Anton\u00edn Slav\u00ed\u010dek, Jan Preisler, Josef \u010capek, Emil Filla<\/strong> oder <strong>Jan Zrzav\u00fd<\/strong> entgegen \u2013 ebenso wie K\u00fcnstler, die die Nachkriegszeit entscheidend gepr\u00e4gt haben: <strong>Mikul\u00e1\u0161 Medek, V\u00e1clav Bo\u0161t\u00edk, Karel Nepra\u0161<\/strong> und <strong>Zden\u011bk S\u00fdkora<\/strong>. Die Gegenwart vertreten unter anderem <strong>Franti\u0161ek Sk\u00e1la, Jaroslav R\u00f3na<\/strong> oder <strong>Michael Rittstein<\/strong>.<br \/>\nManche Namen sind Ihnen vielleicht vertraut, andere werden Sie neu entdecken \u2013 und genau darin liegt der besondere Reiz dieser Ausstellung.<\/p>\n<\/div><div ><span class=\" fusion-imageframe imageframe-none imageframe-2 hover-type-none\"><img decoding=\"async\" width=\"2560\" height=\"1276\" title=\"GU_sedm_dekad_instalace\" src=\"https:\/\/zivykraj.cz\/wp-content\/uploads\/2025\/11\/GU_sedm_dekad_instalace-scaled.jpg\" data-orig-src=\"https:\/\/zivykraj.cz\/wp-content\/uploads\/2025\/11\/GU_sedm_dekad_instalace-scaled.jpg\" alt class=\"lazyload img-responsive wp-image-88926\" srcset=\"data:image\/svg+xml,%3Csvg%20xmlns%3D%27http%3A%2F%2Fwww.w3.org%2F2000%2Fsvg%27%20width%3D%272560%27%20height%3D%271276%27%20viewBox%3D%270%200%202560%201276%27%3E%3Crect%20width%3D%272560%27%20height%3D%271276%27%20fill-opacity%3D%220%22%2F%3E%3C%2Fsvg%3E\" data-srcset=\"https:\/\/zivykraj.cz\/wp-content\/uploads\/2025\/11\/GU_sedm_dekad_instalace-200x100.jpg 200w, https:\/\/zivykraj.cz\/wp-content\/uploads\/2025\/11\/GU_sedm_dekad_instalace-400x199.jpg 400w, https:\/\/zivykraj.cz\/wp-content\/uploads\/2025\/11\/GU_sedm_dekad_instalace-600x299.jpg 600w, https:\/\/zivykraj.cz\/wp-content\/uploads\/2025\/11\/GU_sedm_dekad_instalace-800x399.jpg 800w, https:\/\/zivykraj.cz\/wp-content\/uploads\/2025\/11\/GU_sedm_dekad_instalace-1200x598.jpg 1200w, https:\/\/zivykraj.cz\/wp-content\/uploads\/2025\/11\/GU_sedm_dekad_instalace-scaled.jpg 2560w\" data-sizes=\"auto\" data-orig-sizes=\"(max-width: 1024px) 100vw, (max-width: 640px) 100vw, 1200px\" \/><\/span><\/div><\/div><style type=\"text\/css\">.fusion-body .fusion-builder-column-1{width:100% !important;margin-top : 25px;margin-bottom : 25px;}.fusion-builder-column-1 > .fusion-column-wrapper {padding-top : 0px !important;padding-right : 0px !important;margin-right : 1.92%;padding-bottom : 0px !important;padding-left : 0px !important;margin-left : 1.92%;}@media only screen and (max-width:1024px) {.fusion-body .fusion-builder-column-1{width:100% !important;order : 0;}.fusion-builder-column-1 > .fusion-column-wrapper {margin-right : 1.92%;margin-left : 1.92%;}}@media only screen and (max-width:640px) {.fusion-body .fusion-builder-column-1{width:100% !important;order : 0;}.fusion-builder-column-1 > .fusion-column-wrapper {margin-right : 1.92%;margin-left : 1.92%;}}<\/style><\/div><\/div><style type=\"text\/css\">.fusion-body .fusion-flex-container.fusion-builder-row-2{ padding-top : 0px;margin-top : 0px;padding-right : 0px;padding-bottom : 0px;margin-bottom : 0px;padding-left : 0px;}<\/style><\/div><div class=\"fusion-fullwidth fullwidth-box fusion-builder-row-3 fusion-flex-container nonhundred-percent-fullwidth non-hundred-percent-height-scrolling\" style=\"background-color: rgba(255,255,255,0);background-position: center center;background-repeat: no-repeat;border-width: 0px 0px 0px 0px;border-color:#ecefef;border-style:solid;\" ><div class=\"fusion-builder-row fusion-row fusion-flex-align-items-flex-start\" style=\"max-width:1206.4px;margin-left: calc(-4% \/ 2 );margin-right: calc(-4% \/ 2 );\"><div class=\"fusion-layout-column fusion_builder_column fusion-builder-column-2 fusion_builder_column_1_1 1_1 fusion-flex-column\"><div class=\"fusion-column-wrapper fusion-flex-justify-content-flex-start fusion-content-layout-column\" style=\"background-position:left top;background-repeat:no-repeat;-webkit-background-size:cover;-moz-background-size:cover;-o-background-size:cover;background-size:cover;padding: 0px 0px 0px 0px;\"><div class=\"fusion-text fusion-text-3\"><p>Jedes Werk hat hier seinen eigenen Platz \u2013 gemeinsam entstehen sie zu einem lebendigen Dialog zwischen Generationen, Stilen und Epochen. Sie k\u00f6nnen still durch die Ausstellung gehen und Farben und Formen einfach auf sich wirken lassen, oder bewusst nach Zusammenh\u00e4ngen suchen:<br \/>\nWie ver\u00e4ndert sich der Blick auf Landschaft, auf den Menschen, auf Emotionen? Und was macht das mit Ihnen?<\/p>\n<p>Die Ausstellung ist nicht nur eine Abfolge von Namen, sondern eine Reise durch Gedanken und Gef\u00fchle. Sie f\u00fchrt von poetischen Landschaften zu abstrakten Visionen, vom Tr\u00e4umen zum Experimentieren \u2013 und l\u00e4sst sp\u00fcrbar werden, wie sich die tschechische Kunst im Gleichklang mit der Gesellschaft gewandelt hat.<br \/>\nUnd wenn Sie mit Kindern kommen, d\u00fcrfen diese ruhig selbst aktiv werden: Gro\u00dfe Puzzles, Memory-Spiele, Baukl\u00f6tze und Arbeitsbl\u00e4tter laden auch die J\u00fcngsten dazu ein, Farben und Formen spielerisch zu entdecken. W\u00e4hrend Sie bei Ihren Lieblingsk\u00fcnstlern verweilen, finden die Kinder ihren ganz eigenen Zugang \u2013 fantasievoll und mit Freude.<\/p>\n<p><strong>Kunst, die lebt<\/strong><\/p>\n<p>Die Galerie ist heute alles andere als ein stiller, statischer Ort mit Bildern an den W\u00e4nden. Stellen Sie sich vor, Sie betreten den Raum \u2013 und neben den Ausstellungen erwartet Sie ein Programm, an dem Sie aktiv teilhaben k\u00f6nnen. Jeden Monat finden hier kommentierte F\u00fchrungen statt, bei denen Sie die Geschichten hinter den Werken und ihren Sch\u00f6pfern kennenlernen. Hinzu kommen musikalische Abende, die den Ausstellungssaal mit Klang erf\u00fcllen, sowie die Kreativwerkst\u00e4tten <strong>\u201eDotkni se\u201c (Ber\u00fchre es)<\/strong>, in denen Kinder unter fachkundiger Anleitung lernen, Kunst unmittelbar wahrzunehmen und selbst zu gestalten \u2013 mitten im authentischen Umfeld der Galerie.<\/p>\n<p>Aktuell l\u00e4dt die Galerie zu den Ausstellungen von <strong>Marek Wohlrab<\/strong> (<em>\u00dahel pohledu \/ Blickwinkel<\/em>) und <strong>Pavel Du\u0161ek<\/strong> (<em>Hranice obrazu? \/ Die Grenzen des Bildes?<\/em>) ein. Beide pr\u00e4sentieren zeitgen\u00f6ssische Kunst, die keine Scheu hat zu denken, zu zweifeln, zu suchen \u2013 und auch zu provozieren. Vielleicht stehen Sie vor einem Werk und denken: <em>\u201eDas verstehe ich nicht ganz.\u201c<\/em> Und genau das ist vollkommen in Ordnung. Denn gerade im Dialog zwischen Ihnen und dem Kunstwerk entsteht das Wesentliche.<\/p>\n<\/div><div class=\"fusion-text fusion-text-4\"><p><strong>Becherova vila<\/strong><\/p>\n<p>Am Rande des Villenviertels <strong>Westend<\/strong>, umgeben von altem Baumbestand und Jugendstilarchitektur, steht ein Haus, das Noblesse und Geschichte in sich vereint. Wenn Sie n\u00e4herkommen, fallen Ihnen vielleicht zuerst die feinen Details ins Auge \u2013 die Linien der Fenster, die Form des Dachs oder das stilvolle Eingangsportal.<\/p>\n<p>Die <strong>Becherova vila<\/strong>, einst das repr\u00e4sentative Familiendomizil der Familie Becher, atmet heute Kunst. Erbaut wurde sie von <strong>Gustav Becher<\/strong>, dem Enkel des Gr\u00fcnders der ber\u00fchmten Becherovka, und vom Architekten <strong>Karl Heller<\/strong> in eine Form gebracht, die auch nach mehr als hundert Jahren nichts von ihrer Faszination verloren hat. Im Inneren erwarten Sie kunstvolle Glasfenster, kassettierte Decken, feine Malereien im Geist des Art d\u00e9co sowie das Wappen der Familie Becher.<\/p>\n<\/div><div class=\"fusion-text fusion-text-5\"><p>Nach einer behutsamen Restaurierung in den Jahren <strong>2009\u20132011<\/strong> verwandelte sich die Villa in die <strong>Interaktive Galerie Becherova vila<\/strong>, eine Au\u00dfenstelle der <strong>Galerie der Bildenden K\u00fcnste Karlsbad<\/strong>. Heute k\u00f6nnen Sie hier nicht nur moderne und zeitgen\u00f6ssische Kunst entdecken, sondern auch in die Geschichte der Familie Becher sowie in die Vergangenheit des Viertels eintauchen, das einst als architektonischer Stolz Karlsbads galt.<\/p>\n<p>Und auch wenn das Wort <em>Vila<\/em> im Namen steckt, wirkt <strong>Becherova vila<\/strong> eher wie ein lebendiges Haus \u2013 mit dem Duft frischer Farben aus dem Atelier, dem Lachen von Kindern aus den Werkst\u00e4tten und einer Stille, die nach Holz und Geschichte riecht. Es ist ein Ort, an dem sich die Atmosph\u00e4re der Vergangenheit ganz selbstverst\u00e4ndlich mit der Energie der Gegenwart verbindet.<\/p>\n<p><strong>Kunst zum Anfassen<\/strong><\/p>\n<p><strong>Becherova vila<\/strong> bietet weit mehr als das klassische \u201eanschauen und weitergehen\u201c. Hier k\u00f6nnen Sie Kunst ber\u00fchren, erleben und selbst gestalten. In den <strong>Art-Clubs<\/strong> f\u00fcr Junioren und Senioren wird regelm\u00e4\u00dfig gemalt, gestaltet und dar\u00fcber gesprochen, welche Emotionen Kunst in uns weckt. Wer seine eigene Kreativit\u00e4t weiterentwickeln m\u00f6chte, findet im <strong>Atelier f\u00fcr Erwachsene<\/strong> Raum, neue Techniken zu erlernen und den eigenen Stil zu entdecken. Und wenn Sie die Arbeit mit Ton reizt, f\u00fchrt Sie das <strong>Keramikatelier<\/strong> durch den gesamten Prozess \u2013 vom ersten Kontakt mit dem Material bis zum finalen Brand.<\/p>\n<\/div><div ><span class=\" fusion-imageframe imageframe-none imageframe-3 hover-type-none\"><img decoding=\"async\" width=\"2560\" height=\"1920\" title=\"IMG_8549\" src=\"https:\/\/zivykraj.cz\/wp-content\/uploads\/2025\/11\/IMG_8549-scaled.jpg\" data-orig-src=\"https:\/\/zivykraj.cz\/wp-content\/uploads\/2025\/11\/IMG_8549-scaled.jpg\" alt class=\"lazyload img-responsive wp-image-88946\" srcset=\"data:image\/svg+xml,%3Csvg%20xmlns%3D%27http%3A%2F%2Fwww.w3.org%2F2000%2Fsvg%27%20width%3D%272560%27%20height%3D%271920%27%20viewBox%3D%270%200%202560%201920%27%3E%3Crect%20width%3D%272560%27%20height%3D%271920%27%20fill-opacity%3D%220%22%2F%3E%3C%2Fsvg%3E\" data-srcset=\"https:\/\/zivykraj.cz\/wp-content\/uploads\/2025\/11\/IMG_8549-200x150.jpg 200w, https:\/\/zivykraj.cz\/wp-content\/uploads\/2025\/11\/IMG_8549-400x300.jpg 400w, https:\/\/zivykraj.cz\/wp-content\/uploads\/2025\/11\/IMG_8549-600x450.jpg 600w, https:\/\/zivykraj.cz\/wp-content\/uploads\/2025\/11\/IMG_8549-800x600.jpg 800w, https:\/\/zivykraj.cz\/wp-content\/uploads\/2025\/11\/IMG_8549-1200x900.jpg 1200w, https:\/\/zivykraj.cz\/wp-content\/uploads\/2025\/11\/IMG_8549-scaled.jpg 2560w\" data-sizes=\"auto\" data-orig-sizes=\"(max-width: 1024px) 100vw, (max-width: 640px) 100vw, 1200px\" \/><\/span><\/div><\/div><style type=\"text\/css\">.fusion-body .fusion-builder-column-2{width:100% !important;margin-top : 25px;margin-bottom : 25px;}.fusion-builder-column-2 > .fusion-column-wrapper {padding-top : 0px !important;padding-right : 0px !important;margin-right : 1.92%;padding-bottom : 0px !important;padding-left : 0px !important;margin-left : 1.92%;}@media only screen and (max-width:1024px) {.fusion-body .fusion-builder-column-2{width:100% !important;order : 0;}.fusion-builder-column-2 > .fusion-column-wrapper {margin-right : 1.92%;margin-left : 1.92%;}}@media only screen and (max-width:640px) {.fusion-body .fusion-builder-column-2{width:100% !important;order : 0;}.fusion-builder-column-2 > .fusion-column-wrapper {margin-right : 1.92%;margin-left : 1.92%;}}<\/style><\/div><\/div><style type=\"text\/css\">.fusion-body .fusion-flex-container.fusion-builder-row-3{ padding-top : 0px;margin-top : 0px;padding-right : 0px;padding-bottom : 0px;margin-bottom : 0px;padding-left : 0px;}<\/style><\/div><div class=\"fusion-fullwidth fullwidth-box fusion-builder-row-4 fusion-flex-container nonhundred-percent-fullwidth non-hundred-percent-height-scrolling\" style=\"background-color: rgba(255,255,255,0);background-position: center center;background-repeat: no-repeat;border-width: 0px 0px 0px 0px;border-color:#ecefef;border-style:solid;\" ><div class=\"fusion-builder-row fusion-row fusion-flex-align-items-flex-start\" style=\"max-width:1206.4px;margin-left: calc(-4% \/ 2 );margin-right: calc(-4% \/ 2 );\"><div class=\"fusion-layout-column fusion_builder_column fusion-builder-column-3 fusion_builder_column_1_1 1_1 fusion-flex-column\"><div class=\"fusion-column-wrapper fusion-flex-justify-content-flex-start fusion-content-layout-column\" style=\"background-position:left top;background-repeat:no-repeat;-webkit-background-size:cover;-moz-background-size:cover;-o-background-size:cover;background-size:cover;padding: 0px 0px 0px 0px;\"><div class=\"fusion-text fusion-text-6\"><p>In der <strong>Becherova vila<\/strong> wechseln sich nicht nur Ausstellungen, sondern auch Stimmungen ab. Im gro\u00dfz\u00fcgigen Saal finden im Laufe des Jahres Autorenlesungen, Konzerte, Theaterauff\u00fchrungen und Konferenzen statt. Mal wirkt der Raum wie ein stilles Atelier, ein anderes Mal wie ein lebendiger gesellschaftlicher Salon.<br \/>\nF\u00fcr die Zukunft ist zudem eine <strong>Swing-Tanzveranstaltung \u201eSwing u Becher\u016f\u201c<\/strong> geplant, die die Eleganz der Abende der Ersten Republik in die Villa zur\u00fcckbringen m\u00f6chte. Wenn Sie eine Hochzeit, eine Feier oder ein privates Treffen planen, k\u00f6nnen Sie die R\u00e4ume der Villa auch mieten \u2013 und sich ein Erlebnis g\u00f6nnen, das Stil und Seele vereint.<\/p>\n<p>Jeder Besuch der <strong>Becherova vila<\/strong> ist anders. Mal still, mal kreativ und verspielt. Doch eines bleibt immer gleich: Sie gehen mit dem Gef\u00fchl nach Hause, der Kunst ganz nah gekommen zu sein \u2013 im wahrsten Sinne des Wortes.<\/p>\n<p><strong>\u00a0<\/strong><\/p>\n<p><strong>Letohr\u00e1dek Ostrov<\/strong><\/p>\n<p>Unweit von Karlsbad, im Schlosspark der Stadt Ostrov, steht ein barockes Kleinod \u2013 der <strong>Letohr\u00e1dek Ostrov<\/strong>. Vielleicht kommen Sie nur zu einem Spaziergang hierher und merken pl\u00f6tzlich, wie gut es sich an diesem Ort verweilen l\u00e4sst. W\u00e4hrend der Saison finden hier Ausstellungen statt, die junge Talente mit etablierten K\u00fcnstlerinnen und K\u00fcnstlern verbinden und zugleich Schulen sowie Studierenden Raum bieten, Inspiration f\u00fcr ihr eigenes Schaffen zu finden.<\/p>\n<\/div><div ><span class=\" fusion-imageframe imageframe-none imageframe-4 hover-type-none\"><img decoding=\"async\" width=\"1100\" height=\"733\" title=\"ostrov-letohradek-balkon-scaled-1\" src=\"https:\/\/zivykraj.cz\/wp-content\/uploads\/2025\/11\/ostrov-letohradek-balkon-scaled-1.jpg\" data-orig-src=\"https:\/\/zivykraj.cz\/wp-content\/uploads\/2025\/11\/ostrov-letohradek-balkon-scaled-1.jpg\" alt class=\"lazyload img-responsive wp-image-88950\" srcset=\"data:image\/svg+xml,%3Csvg%20xmlns%3D%27http%3A%2F%2Fwww.w3.org%2F2000%2Fsvg%27%20width%3D%271100%27%20height%3D%27733%27%20viewBox%3D%270%200%201100%20733%27%3E%3Crect%20width%3D%271100%27%20height%3D%27733%27%20fill-opacity%3D%220%22%2F%3E%3C%2Fsvg%3E\" data-srcset=\"https:\/\/zivykraj.cz\/wp-content\/uploads\/2025\/11\/ostrov-letohradek-balkon-scaled-1-200x133.jpg 200w, https:\/\/zivykraj.cz\/wp-content\/uploads\/2025\/11\/ostrov-letohradek-balkon-scaled-1-400x267.jpg 400w, https:\/\/zivykraj.cz\/wp-content\/uploads\/2025\/11\/ostrov-letohradek-balkon-scaled-1-600x400.jpg 600w, https:\/\/zivykraj.cz\/wp-content\/uploads\/2025\/11\/ostrov-letohradek-balkon-scaled-1-800x533.jpg 800w, https:\/\/zivykraj.cz\/wp-content\/uploads\/2025\/11\/ostrov-letohradek-balkon-scaled-1.jpg 1100w\" data-sizes=\"auto\" data-orig-sizes=\"(max-width: 1024px) 100vw, (max-width: 640px) 100vw, 1100px\" \/><\/span><\/div><div class=\"fusion-text fusion-text-7\"><p>Der <strong>Letohr\u00e1dek Ostrov<\/strong> wirkt so als verbindendes Element zwischen den Generationen. Die einen bringen neue Perspektiven ein, die anderen Erfahrung und Tradition. In diesem Jahr verabschiedet sich die Saison mit dem Happening <strong>\u201e17. listopad \u2013 nikdy to nekon\u010d\u00ed\u201c<\/strong>, bei dem Sch\u00fclerinnen und Sch\u00fcler der <strong>ZU\u0160 Ostrov<\/strong>, Studierende der Schule <strong>M\u016fj projekt M\u00e1nesova<\/strong> sowie K\u00fcnstlerinnen und K\u00fcnstler des <strong>Cirkus C\u00e9r\u00e9s<\/strong> zusammenkommen. Wenn Sie lebendige, leicht verspielte Veranstaltungen m\u00f6gen, in denen sich Musik, Theater und bildende Kunst miteinander verweben, sind Sie hier genau richtig.<\/p>\n<p>Anschlie\u00dfend g\u00f6nnt sich der Letohr\u00e1dek eine winterliche Ruhepause, um am <strong>9. Mai<\/strong> des kommenden Jahres wieder f\u00fcr die \u00d6ffentlichkeit zu \u00f6ffnen. Und dann lohnt es sich, dabei zu sein. Jede Ausstellung ist eine kleine Feier von Kreativit\u00e4t, Austausch und dem Mut zu gestalten. Vielleicht denken Sie zun\u00e4chst, es sei \u201enur\u201c ein kleines Lustschl\u00f6sschen im Park \u2013 doch das Gef\u00fchl, mit dem Sie diesen Ort verlassen, ist alles andere als klein.<\/p>\n<\/div><div ><span class=\" fusion-imageframe imageframe-none imageframe-5 hover-type-none\"><img decoding=\"async\" width=\"2560\" height=\"1341\" title=\"_3JW0355\" src=\"https:\/\/zivykraj.cz\/wp-content\/uploads\/2025\/11\/3JW0355-scaled.jpg\" data-orig-src=\"https:\/\/zivykraj.cz\/wp-content\/uploads\/2025\/11\/3JW0355-scaled.jpg\" alt class=\"lazyload img-responsive wp-image-88954\" srcset=\"data:image\/svg+xml,%3Csvg%20xmlns%3D%27http%3A%2F%2Fwww.w3.org%2F2000%2Fsvg%27%20width%3D%272560%27%20height%3D%271341%27%20viewBox%3D%270%200%202560%201341%27%3E%3Crect%20width%3D%272560%27%20height%3D%271341%27%20fill-opacity%3D%220%22%2F%3E%3C%2Fsvg%3E\" data-srcset=\"https:\/\/zivykraj.cz\/wp-content\/uploads\/2025\/11\/3JW0355-200x105.jpg 200w, https:\/\/zivykraj.cz\/wp-content\/uploads\/2025\/11\/3JW0355-400x210.jpg 400w, https:\/\/zivykraj.cz\/wp-content\/uploads\/2025\/11\/3JW0355-600x314.jpg 600w, https:\/\/zivykraj.cz\/wp-content\/uploads\/2025\/11\/3JW0355-800x419.jpg 800w, https:\/\/zivykraj.cz\/wp-content\/uploads\/2025\/11\/3JW0355-1200x629.jpg 1200w, https:\/\/zivykraj.cz\/wp-content\/uploads\/2025\/11\/3JW0355-scaled.jpg 2560w\" data-sizes=\"auto\" data-orig-sizes=\"(max-width: 1024px) 100vw, (max-width: 640px) 100vw, 1200px\" \/><\/span><\/div><div class=\"fusion-text fusion-text-8\"><p>Im Karlsbader Land heilt nicht nur das Wasser der Quellen. Auch die Kunst besitzt hier eine \u00e4hnliche Kraft. Sie vermag L\u00e4rm zu bes\u00e4nftigen, das Tempo zu verlangsamen und mit Ruhe zu erf\u00fcllen. Es gen\u00fcgt, einzutreten und Licht wie Stille auf sich wirken zu lassen.<br \/>\nUnd vielleicht stellen Sie fest, dass gerade diese stillen Momente das sch\u00f6nste Souvenir sind, das Sie aus dem Kurort mit nach Hause nehmen k\u00f6nnen.<\/p>\n<\/div><\/div><style type=\"text\/css\">.fusion-body .fusion-builder-column-3{width:100% !important;margin-top : 25px;margin-bottom : 25px;}.fusion-builder-column-3 > .fusion-column-wrapper {padding-top : 0px !important;padding-right : 0px !important;margin-right : 1.92%;padding-bottom : 0px !important;padding-left : 0px !important;margin-left : 1.92%;}@media only screen and (max-width:1024px) {.fusion-body .fusion-builder-column-3{width:100% !important;order : 0;}.fusion-builder-column-3 > .fusion-column-wrapper {margin-right : 1.92%;margin-left : 1.92%;}}@media only screen and (max-width:640px) {.fusion-body .fusion-builder-column-3{width:100% !important;order : 0;}.fusion-builder-column-3 > .fusion-column-wrapper {margin-right : 1.92%;margin-left : 1.92%;}}<\/style><\/div><\/div><style type=\"text\/css\">.fusion-body .fusion-flex-container.fusion-builder-row-4{ padding-top : 0px;margin-top : 0px;padding-right : 0px;padding-bottom : 0px;margin-bottom : 0px;padding-left : 0px;}<\/style><\/div><\/p>\n","protected":false},"excerpt":{"rendered":"<p>W\u00e4hrend drau\u00dfen die Kolonnade leise rauscht, herrschen drinnen Ruhe und eine angenehme Atmosph\u00e4re, die jedem Detail Raum gibt. In der Galerie der Bildenden K\u00fcnste Karlsbad und in der Becher-Villa verwandelt sich die typische Kurstadt-Gelassenheit in einen Ort, an dem man innehalten, entschleunigen und ganz bei sich selbst sein kann.<\/p>\n","protected":false},"author":1,"featured_media":88917,"comment_status":"open","ping_status":"open","sticky":false,"template":"","format":"standard","meta":{"_acf_changed":false,"inline_featured_image":false,"footnotes":""},"categories":[466,396],"tags":[426],"acf":[],"yoast_head":"<!-- This site is optimized with the Yoast SEO plugin v22.3 - https:\/\/yoast.com\/wordpress\/plugins\/seo\/ -->\n<title>Wenn Kurruhe auf Kunst trifft | \u017divyKraj.cz<\/title>\n<meta name=\"robots\" content=\"index, follow, max-snippet:-1, max-image-preview:large, max-video-preview:-1\" \/>\n<link rel=\"canonical\" href=\"https:\/\/zivykraj.cz\/de\/aktivitaten\/wenn-kurruhe-auf-kunst-trifft\/\" \/>\n<meta property=\"og:locale\" content=\"de_DE\" \/>\n<meta property=\"og:type\" content=\"article\" \/>\n<meta property=\"og:title\" content=\"Wenn Kurruhe auf Kunst trifft | \u017divyKraj.cz\" \/>\n<meta property=\"og:description\" content=\"W\u00e4hrend drau\u00dfen die Kolonnade leise rauscht, herrschen drinnen Ruhe und eine angenehme Atmosph\u00e4re, die jedem Detail Raum gibt. In der Galerie der Bildenden K\u00fcnste Karlsbad und in der Becher-Villa verwandelt sich die typische Kurstadt-Gelassenheit in einen Ort, an dem man innehalten, entschleunigen und ganz bei sich selbst sein kann.\" \/>\n<meta property=\"og:url\" content=\"https:\/\/zivykraj.cz\/de\/aktivitaten\/wenn-kurruhe-auf-kunst-trifft\/\" \/>\n<meta property=\"og:site_name\" content=\"\u017divyKraj.cz\" \/>\n<meta property=\"article:published_time\" content=\"2026-01-23T11:48:35+00:00\" \/>\n<meta property=\"article:modified_time\" content=\"2026-04-16T07:17:05+00:00\" \/>\n<meta property=\"og:image\" content=\"https:\/\/zivykraj.cz\/wp-content\/uploads\/2025\/11\/BV-interier05-scaled.jpg\" \/>\n\t<meta property=\"og:image:width\" content=\"2560\" \/>\n\t<meta property=\"og:image:height\" content=\"1849\" \/>\n\t<meta property=\"og:image:type\" content=\"image\/jpeg\" \/>\n<meta name=\"author\" content=\"admin\" \/>\n<meta name=\"twitter:card\" content=\"summary_large_image\" \/>\n<meta name=\"twitter:label1\" content=\"Verfasst von\" \/>\n\t<meta name=\"twitter:data1\" content=\"admin\" \/>\n\t<meta name=\"twitter:label2\" content=\"Gesch\u00e4tzte Lesezeit\" \/>\n\t<meta name=\"twitter:data2\" content=\"18 Minuten\" \/>\n<script type=\"application\/ld+json\" class=\"yoast-schema-graph\">{\"@context\":\"https:\/\/schema.org\",\"@graph\":[{\"@type\":\"Article\",\"@id\":\"https:\/\/zivykraj.cz\/de\/aktivitaten\/wenn-kurruhe-auf-kunst-trifft\/#article\",\"isPartOf\":{\"@id\":\"https:\/\/zivykraj.cz\/de\/aktivitaten\/wenn-kurruhe-auf-kunst-trifft\/\"},\"author\":{\"name\":\"admin\",\"@id\":\"https:\/\/zivykraj.cz\/de\/#\/schema\/person\/ab1f0ec064fefb752cd2d8e4a0c6acc8\"},\"headline\":\"Wenn Kurruhe auf Kunst trifft\",\"datePublished\":\"2026-01-23T11:48:35+00:00\",\"dateModified\":\"2026-04-16T07:17:05+00:00\",\"mainEntityOfPage\":{\"@id\":\"https:\/\/zivykraj.cz\/de\/aktivitaten\/wenn-kurruhe-auf-kunst-trifft\/\"},\"wordCount\":5875,\"commentCount\":0,\"publisher\":{\"@id\":\"https:\/\/zivykraj.cz\/de\/#organization\"},\"image\":{\"@id\":\"https:\/\/zivykraj.cz\/de\/aktivitaten\/wenn-kurruhe-auf-kunst-trifft\/#primaryimage\"},\"thumbnailUrl\":\"https:\/\/zivykraj.cz\/wp-content\/uploads\/2025\/11\/BV-interier05-scaled.jpg\",\"keywords\":[\"Karlsbad\"],\"articleSection\":[\"Aktivit\u00e4ten\",\"Tipps\"],\"inLanguage\":\"de-DE\",\"potentialAction\":[{\"@type\":\"CommentAction\",\"name\":\"Comment\",\"target\":[\"https:\/\/zivykraj.cz\/de\/aktivitaten\/wenn-kurruhe-auf-kunst-trifft\/#respond\"]}]},{\"@type\":\"WebPage\",\"@id\":\"https:\/\/zivykraj.cz\/de\/aktivitaten\/wenn-kurruhe-auf-kunst-trifft\/\",\"url\":\"https:\/\/zivykraj.cz\/de\/aktivitaten\/wenn-kurruhe-auf-kunst-trifft\/\",\"name\":\"Wenn Kurruhe auf Kunst trifft | \u017divyKraj.cz\",\"isPartOf\":{\"@id\":\"https:\/\/zivykraj.cz\/de\/#website\"},\"primaryImageOfPage\":{\"@id\":\"https:\/\/zivykraj.cz\/de\/aktivitaten\/wenn-kurruhe-auf-kunst-trifft\/#primaryimage\"},\"image\":{\"@id\":\"https:\/\/zivykraj.cz\/de\/aktivitaten\/wenn-kurruhe-auf-kunst-trifft\/#primaryimage\"},\"thumbnailUrl\":\"https:\/\/zivykraj.cz\/wp-content\/uploads\/2025\/11\/BV-interier05-scaled.jpg\",\"datePublished\":\"2026-01-23T11:48:35+00:00\",\"dateModified\":\"2026-04-16T07:17:05+00:00\",\"breadcrumb\":{\"@id\":\"https:\/\/zivykraj.cz\/de\/aktivitaten\/wenn-kurruhe-auf-kunst-trifft\/#breadcrumb\"},\"inLanguage\":\"de-DE\",\"potentialAction\":[{\"@type\":\"ReadAction\",\"target\":[\"https:\/\/zivykraj.cz\/de\/aktivitaten\/wenn-kurruhe-auf-kunst-trifft\/\"]}]},{\"@type\":\"ImageObject\",\"inLanguage\":\"de-DE\",\"@id\":\"https:\/\/zivykraj.cz\/de\/aktivitaten\/wenn-kurruhe-auf-kunst-trifft\/#primaryimage\",\"url\":\"https:\/\/zivykraj.cz\/wp-content\/uploads\/2025\/11\/BV-interier05-scaled.jpg\",\"contentUrl\":\"https:\/\/zivykraj.cz\/wp-content\/uploads\/2025\/11\/BV-interier05-scaled.jpg\",\"width\":2560,\"height\":1849},{\"@type\":\"BreadcrumbList\",\"@id\":\"https:\/\/zivykraj.cz\/de\/aktivitaten\/wenn-kurruhe-auf-kunst-trifft\/#breadcrumb\",\"itemListElement\":[{\"@type\":\"ListItem\",\"position\":1,\"name\":\"Home\",\"item\":\"https:\/\/zivykraj.cz\/de\/\"},{\"@type\":\"ListItem\",\"position\":2,\"name\":\"Wenn Kurruhe auf Kunst trifft\"}]},{\"@type\":\"WebSite\",\"@id\":\"https:\/\/zivykraj.cz\/de\/#website\",\"url\":\"https:\/\/zivykraj.cz\/de\/\",\"name\":\"\u017divyKraj.cz\",\"description\":\"Turistick\u00fd web - Karlovarsk\u00fd kraj\",\"publisher\":{\"@id\":\"https:\/\/zivykraj.cz\/de\/#organization\"},\"potentialAction\":[{\"@type\":\"SearchAction\",\"target\":{\"@type\":\"EntryPoint\",\"urlTemplate\":\"https:\/\/zivykraj.cz\/de\/?s={search_term_string}\"},\"query-input\":\"required name=search_term_string\"}],\"inLanguage\":\"de-DE\"},{\"@type\":\"Organization\",\"@id\":\"https:\/\/zivykraj.cz\/de\/#organization\",\"name\":\"\u017divyKraj.cz\",\"url\":\"https:\/\/zivykraj.cz\/de\/\",\"logo\":{\"@type\":\"ImageObject\",\"inLanguage\":\"de-DE\",\"@id\":\"https:\/\/zivykraj.cz\/de\/#\/schema\/logo\/image\/\",\"url\":\"https:\/\/zivykraj.cz\/wp-content\/uploads\/2021\/08\/logo_white.png\",\"contentUrl\":\"https:\/\/zivykraj.cz\/wp-content\/uploads\/2021\/08\/logo_white.png\",\"width\":223,\"height\":59,\"caption\":\"\u017divyKraj.cz\"},\"image\":{\"@id\":\"https:\/\/zivykraj.cz\/de\/#\/schema\/logo\/image\/\"}},{\"@type\":\"Person\",\"@id\":\"https:\/\/zivykraj.cz\/de\/#\/schema\/person\/ab1f0ec064fefb752cd2d8e4a0c6acc8\",\"name\":\"admin\",\"image\":{\"@type\":\"ImageObject\",\"inLanguage\":\"de-DE\",\"@id\":\"https:\/\/zivykraj.cz\/de\/#\/schema\/person\/image\/\",\"url\":\"https:\/\/secure.gravatar.com\/avatar\/031436a0962827c8c44a070d61f216c5?s=96&d=mm&r=g\",\"contentUrl\":\"https:\/\/secure.gravatar.com\/avatar\/031436a0962827c8c44a070d61f216c5?s=96&d=mm&r=g\",\"caption\":\"admin\"},\"url\":\"https:\/\/zivykraj.cz\/de\/author\/admin\/\"}]}<\/script>\n<!-- \/ Yoast SEO plugin. -->","yoast_head_json":{"title":"Wenn Kurruhe auf Kunst trifft | \u017divyKraj.cz","robots":{"index":"index","follow":"follow","max-snippet":"max-snippet:-1","max-image-preview":"max-image-preview:large","max-video-preview":"max-video-preview:-1"},"canonical":"https:\/\/zivykraj.cz\/de\/aktivitaten\/wenn-kurruhe-auf-kunst-trifft\/","og_locale":"de_DE","og_type":"article","og_title":"Wenn Kurruhe auf Kunst trifft | \u017divyKraj.cz","og_description":"W\u00e4hrend drau\u00dfen die Kolonnade leise rauscht, herrschen drinnen Ruhe und eine angenehme Atmosph\u00e4re, die jedem Detail Raum gibt. In der Galerie der Bildenden K\u00fcnste Karlsbad und in der Becher-Villa verwandelt sich die typische Kurstadt-Gelassenheit in einen Ort, an dem man innehalten, entschleunigen und ganz bei sich selbst sein kann.","og_url":"https:\/\/zivykraj.cz\/de\/aktivitaten\/wenn-kurruhe-auf-kunst-trifft\/","og_site_name":"\u017divyKraj.cz","article_published_time":"2026-01-23T11:48:35+00:00","article_modified_time":"2026-04-16T07:17:05+00:00","og_image":[{"width":2560,"height":1849,"url":"https:\/\/zivykraj.cz\/wp-content\/uploads\/2025\/11\/BV-interier05-scaled.jpg","type":"image\/jpeg"}],"author":"admin","twitter_card":"summary_large_image","twitter_misc":{"Verfasst von":"admin","Gesch\u00e4tzte Lesezeit":"18 Minuten"},"schema":{"@context":"https:\/\/schema.org","@graph":[{"@type":"Article","@id":"https:\/\/zivykraj.cz\/de\/aktivitaten\/wenn-kurruhe-auf-kunst-trifft\/#article","isPartOf":{"@id":"https:\/\/zivykraj.cz\/de\/aktivitaten\/wenn-kurruhe-auf-kunst-trifft\/"},"author":{"name":"admin","@id":"https:\/\/zivykraj.cz\/de\/#\/schema\/person\/ab1f0ec064fefb752cd2d8e4a0c6acc8"},"headline":"Wenn Kurruhe auf Kunst trifft","datePublished":"2026-01-23T11:48:35+00:00","dateModified":"2026-04-16T07:17:05+00:00","mainEntityOfPage":{"@id":"https:\/\/zivykraj.cz\/de\/aktivitaten\/wenn-kurruhe-auf-kunst-trifft\/"},"wordCount":5875,"commentCount":0,"publisher":{"@id":"https:\/\/zivykraj.cz\/de\/#organization"},"image":{"@id":"https:\/\/zivykraj.cz\/de\/aktivitaten\/wenn-kurruhe-auf-kunst-trifft\/#primaryimage"},"thumbnailUrl":"https:\/\/zivykraj.cz\/wp-content\/uploads\/2025\/11\/BV-interier05-scaled.jpg","keywords":["Karlsbad"],"articleSection":["Aktivit\u00e4ten","Tipps"],"inLanguage":"de-DE","potentialAction":[{"@type":"CommentAction","name":"Comment","target":["https:\/\/zivykraj.cz\/de\/aktivitaten\/wenn-kurruhe-auf-kunst-trifft\/#respond"]}]},{"@type":"WebPage","@id":"https:\/\/zivykraj.cz\/de\/aktivitaten\/wenn-kurruhe-auf-kunst-trifft\/","url":"https:\/\/zivykraj.cz\/de\/aktivitaten\/wenn-kurruhe-auf-kunst-trifft\/","name":"Wenn Kurruhe auf Kunst trifft | \u017divyKraj.cz","isPartOf":{"@id":"https:\/\/zivykraj.cz\/de\/#website"},"primaryImageOfPage":{"@id":"https:\/\/zivykraj.cz\/de\/aktivitaten\/wenn-kurruhe-auf-kunst-trifft\/#primaryimage"},"image":{"@id":"https:\/\/zivykraj.cz\/de\/aktivitaten\/wenn-kurruhe-auf-kunst-trifft\/#primaryimage"},"thumbnailUrl":"https:\/\/zivykraj.cz\/wp-content\/uploads\/2025\/11\/BV-interier05-scaled.jpg","datePublished":"2026-01-23T11:48:35+00:00","dateModified":"2026-04-16T07:17:05+00:00","breadcrumb":{"@id":"https:\/\/zivykraj.cz\/de\/aktivitaten\/wenn-kurruhe-auf-kunst-trifft\/#breadcrumb"},"inLanguage":"de-DE","potentialAction":[{"@type":"ReadAction","target":["https:\/\/zivykraj.cz\/de\/aktivitaten\/wenn-kurruhe-auf-kunst-trifft\/"]}]},{"@type":"ImageObject","inLanguage":"de-DE","@id":"https:\/\/zivykraj.cz\/de\/aktivitaten\/wenn-kurruhe-auf-kunst-trifft\/#primaryimage","url":"https:\/\/zivykraj.cz\/wp-content\/uploads\/2025\/11\/BV-interier05-scaled.jpg","contentUrl":"https:\/\/zivykraj.cz\/wp-content\/uploads\/2025\/11\/BV-interier05-scaled.jpg","width":2560,"height":1849},{"@type":"BreadcrumbList","@id":"https:\/\/zivykraj.cz\/de\/aktivitaten\/wenn-kurruhe-auf-kunst-trifft\/#breadcrumb","itemListElement":[{"@type":"ListItem","position":1,"name":"Home","item":"https:\/\/zivykraj.cz\/de\/"},{"@type":"ListItem","position":2,"name":"Wenn Kurruhe auf Kunst trifft"}]},{"@type":"WebSite","@id":"https:\/\/zivykraj.cz\/de\/#website","url":"https:\/\/zivykraj.cz\/de\/","name":"\u017divyKraj.cz","description":"Turistick\u00fd web - Karlovarsk\u00fd kraj","publisher":{"@id":"https:\/\/zivykraj.cz\/de\/#organization"},"potentialAction":[{"@type":"SearchAction","target":{"@type":"EntryPoint","urlTemplate":"https:\/\/zivykraj.cz\/de\/?s={search_term_string}"},"query-input":"required name=search_term_string"}],"inLanguage":"de-DE"},{"@type":"Organization","@id":"https:\/\/zivykraj.cz\/de\/#organization","name":"\u017divyKraj.cz","url":"https:\/\/zivykraj.cz\/de\/","logo":{"@type":"ImageObject","inLanguage":"de-DE","@id":"https:\/\/zivykraj.cz\/de\/#\/schema\/logo\/image\/","url":"https:\/\/zivykraj.cz\/wp-content\/uploads\/2021\/08\/logo_white.png","contentUrl":"https:\/\/zivykraj.cz\/wp-content\/uploads\/2021\/08\/logo_white.png","width":223,"height":59,"caption":"\u017divyKraj.cz"},"image":{"@id":"https:\/\/zivykraj.cz\/de\/#\/schema\/logo\/image\/"}},{"@type":"Person","@id":"https:\/\/zivykraj.cz\/de\/#\/schema\/person\/ab1f0ec064fefb752cd2d8e4a0c6acc8","name":"admin","image":{"@type":"ImageObject","inLanguage":"de-DE","@id":"https:\/\/zivykraj.cz\/de\/#\/schema\/person\/image\/","url":"https:\/\/secure.gravatar.com\/avatar\/031436a0962827c8c44a070d61f216c5?s=96&d=mm&r=g","contentUrl":"https:\/\/secure.gravatar.com\/avatar\/031436a0962827c8c44a070d61f216c5?s=96&d=mm&r=g","caption":"admin"},"url":"https:\/\/zivykraj.cz\/de\/author\/admin\/"}]}},"_links":{"self":[{"href":"https:\/\/zivykraj.cz\/de\/wp-json\/wp\/v2\/posts\/90885"}],"collection":[{"href":"https:\/\/zivykraj.cz\/de\/wp-json\/wp\/v2\/posts"}],"about":[{"href":"https:\/\/zivykraj.cz\/de\/wp-json\/wp\/v2\/types\/post"}],"author":[{"embeddable":true,"href":"https:\/\/zivykraj.cz\/de\/wp-json\/wp\/v2\/users\/1"}],"replies":[{"embeddable":true,"href":"https:\/\/zivykraj.cz\/de\/wp-json\/wp\/v2\/comments?post=90885"}],"version-history":[{"count":2,"href":"https:\/\/zivykraj.cz\/de\/wp-json\/wp\/v2\/posts\/90885\/revisions"}],"predecessor-version":[{"id":93385,"href":"https:\/\/zivykraj.cz\/de\/wp-json\/wp\/v2\/posts\/90885\/revisions\/93385"}],"wp:featuredmedia":[{"embeddable":true,"href":"https:\/\/zivykraj.cz\/de\/wp-json\/wp\/v2\/media\/88917"}],"wp:attachment":[{"href":"https:\/\/zivykraj.cz\/de\/wp-json\/wp\/v2\/media?parent=90885"}],"wp:term":[{"taxonomy":"category","embeddable":true,"href":"https:\/\/zivykraj.cz\/de\/wp-json\/wp\/v2\/categories?post=90885"},{"taxonomy":"post_tag","embeddable":true,"href":"https:\/\/zivykraj.cz\/de\/wp-json\/wp\/v2\/tags?post=90885"}],"curies":[{"name":"wp","href":"https:\/\/api.w.org\/{rel}","templated":true}]}}