{"id":84787,"date":"2025-05-23T09:06:24","date_gmt":"2025-05-23T07:06:24","guid":{"rendered":"https:\/\/zivykraj.cz\/uncategorized-en\/rok-davida-bechera-zazijte-karlovy-vary-jinak\/"},"modified":"2025-05-23T09:46:39","modified_gmt":"2025-05-23T07:46:39","slug":"rok-davida-bechera-zazijte-karlovy-vary-jinak","status":"publish","type":"post","link":"https:\/\/zivykraj.cz\/en\/zajimave-vylety-en\/rok-davida-bechera-zazijte-karlovy-vary-jinak\/","title":{"rendered":"The Year of David Becher: Experience Karlovy Vary differently"},"content":{"rendered":"<div class=\"fusion-fullwidth fullwidth-box fusion-builder-row-1 fusion-flex-container nonhundred-percent-fullwidth non-hundred-percent-height-scrolling\" style=\"background-color: rgba(255,255,255,0);background-position: center center;background-repeat: no-repeat;border-width: 0px 0px 0px 0px;border-color:#ecefef;border-style:solid;\" ><div class=\"fusion-builder-row fusion-row fusion-flex-align-items-flex-start\" style=\"max-width:1206.4px;margin-left: calc(-4% \/ 2 );margin-right: calc(-4% \/ 2 );\"><div class=\"fusion-layout-column fusion_builder_column fusion-builder-column-0 fusion_builder_column_1_1 1_1 fusion-flex-column\"><div class=\"fusion-column-wrapper fusion-flex-justify-content-flex-start fusion-content-layout-column\" style=\"background-position:left top;background-repeat:no-repeat;-webkit-background-size:cover;-moz-background-size:cover;-o-background-size:cover;background-size:cover;padding: 0px 0px 0px 0px;\"><div class=\"fusion-text fusion-text-1\"><p><strong>The silence of the colonnades, the steam rising from a cup of spring water, the refinement of the imperial halls and the tones of an open-air concert&#8230; More than just beautiful scenery awaits you in Karlovy Vary this year &#8211; a story that goes deep into history is unfolding. The year 2025 is dedicated to Dr. David Becher. The man who gave the spa industry a new direction and gave the city its unique rhythm. And now is your chance to experience the tradition that makes every visit a special experience!<\/strong><\/p>\n<p><b>\u00a0<\/b><\/p>\n<\/div><div ><span class=\" fusion-imageframe imageframe-none imageframe-1 hover-type-none\"><img decoding=\"async\" width=\"2322\" height=\"663\" title=\"claim-blue (1)\" src=\"https:\/\/zivykraj.cz\/wp-content\/uploads\/2025\/05\/claim-blue-1.jpg\" data-orig-src=\"https:\/\/zivykraj.cz\/wp-content\/uploads\/2025\/05\/claim-blue-1.jpg\" alt class=\"lazyload img-responsive wp-image-84651\" srcset=\"data:image\/svg+xml,%3Csvg%20xmlns%3D%27http%3A%2F%2Fwww.w3.org%2F2000%2Fsvg%27%20width%3D%272322%27%20height%3D%27663%27%20viewBox%3D%270%200%202322%20663%27%3E%3Crect%20width%3D%272322%27%20height%3D%27663%27%20fill-opacity%3D%220%22%2F%3E%3C%2Fsvg%3E\" data-srcset=\"https:\/\/zivykraj.cz\/wp-content\/uploads\/2025\/05\/claim-blue-1-200x57.jpg 200w, https:\/\/zivykraj.cz\/wp-content\/uploads\/2025\/05\/claim-blue-1-400x114.jpg 400w, https:\/\/zivykraj.cz\/wp-content\/uploads\/2025\/05\/claim-blue-1-600x171.jpg 600w, https:\/\/zivykraj.cz\/wp-content\/uploads\/2025\/05\/claim-blue-1-800x228.jpg 800w, https:\/\/zivykraj.cz\/wp-content\/uploads\/2025\/05\/claim-blue-1-1200x343.jpg 1200w, https:\/\/zivykraj.cz\/wp-content\/uploads\/2025\/05\/claim-blue-1.jpg 2322w\" data-sizes=\"auto\" data-orig-sizes=\"(max-width: 1024px) 100vw, (max-width: 640px) 100vw, 1200px\" \/><\/span><\/div><\/div><style type=\"text\/css\">.fusion-body .fusion-builder-column-0{width:100% !important;margin-top : 0px;margin-bottom : 0px;}.fusion-builder-column-0 > .fusion-column-wrapper {padding-top : 0px !important;padding-right : 0px !important;margin-right : 1.92%;padding-bottom : 0px !important;padding-left : 0px !important;margin-left : 1.92%;}@media only screen and (max-width:1024px) {.fusion-body .fusion-builder-column-0{width:100% !important;}.fusion-builder-column-0 > .fusion-column-wrapper {margin-right : 1.92%;margin-left : 1.92%;}}@media only screen and (max-width:640px) {.fusion-body .fusion-builder-column-0{width:100% !important;}.fusion-builder-column-0 > .fusion-column-wrapper {margin-right : 1.92%;margin-left : 1.92%;}}<\/style><\/div><div class=\"fusion-layout-column fusion_builder_column fusion-builder-column-1 fusion_builder_column_1_1 1_1 fusion-flex-column\"><div class=\"fusion-column-wrapper fusion-flex-justify-content-flex-start fusion-content-layout-column\" style=\"background-position:left top;background-repeat:no-repeat;-webkit-background-size:cover;-moz-background-size:cover;-o-background-size:cover;background-size:cover;padding: 0px 0px 0px 0px;\"><div class=\"fusion-text fusion-text-2\" style=\"margin-top:25px;\"><div class=\"single-post-content clearfix\">\n<p><strong>Meet David Becher<\/strong><\/p>\n<\/div>\n<p>You are entering a city that heals not only the body, but the soul. Maybe it&#8217;s curiosity that brought you here, maybe it&#8217;s the desire for peace or healing springs. Whatever the reason, in Karlovy Vary you are part of a story that began three hundred years ago.<\/p>\n<p>That&#8217;s when a man was born here who changed the way we look at the spa industry. <strong>Dr. David Becher.<\/strong> Physician, balneologist, chemist and patron. The man who made Varna a place of world importance. He gave treatment a system, understood the power of mineral springs and <strong>made spa care a true art<\/strong>. That is why he is also known as the <strong>&#8220;Hippocrates of Karlovy Vary&#8221;.<\/strong><\/p>\n<\/div><style type=\"text\/css\">.fusion-gallery-1 .fusion-gallery-image {border:0px solid #f2f3f3;}<\/style><div class=\"fusion-gallery fusion-gallery-container fusion-grid-3 fusion-columns-total-3 fusion-gallery-layout-grid fusion-gallery-1\" style=\"margin:-5px;\"><div style=\"padding:5px;\" class=\"fusion-grid-column fusion-gallery-column fusion-gallery-column-3 hover-type-none\"><div class=\"fusion-gallery-image\"><a rel=\"noreferrer\" data-rel=\"iLightbox[gallery_image_1]\" class=\"fusion-lightbox\" target=\"_self\"><img decoding=\"async\" src=\"\" width=\"\" height=\"\" alt=\"\" title=\"\" aria-label=\"\" class=\"img-responsive wp-image- fusion-gallery-image-size-fixed\"  \/><\/a><\/div><\/div><div style=\"padding:5px;\" class=\"fusion-grid-column fusion-gallery-column fusion-gallery-column-3 hover-type-none\"><div class=\"fusion-gallery-image\"><a href=\"https:\/\/zivykraj.cz\/wp-content\/uploads\/2025\/05\/David-Becher_upraveno-1.png\" rel=\"noreferrer\" data-rel=\"iLightbox[gallery_image_1]\" class=\"fusion-lightbox\" target=\"_self\"><img decoding=\"async\" src=\"https:\/\/zivykraj.cz\/wp-content\/uploads\/2025\/05\/David-Becher_upraveno-1.png\" width=\"233\" height=\"295\" alt=\"\" title=\"David-Becher_upraveno\" aria-label=\"David-Becher_upraveno\" class=\"img-responsive wp-image-84669 fusion-gallery-image-size-fixed\" srcset=\"https:\/\/zivykraj.cz\/wp-content\/uploads\/2025\/05\/David-Becher_upraveno-1-200x253.png 200w, https:\/\/zivykraj.cz\/wp-content\/uploads\/2025\/05\/David-Becher_upraveno-1-400x506.png 400w, https:\/\/zivykraj.cz\/wp-content\/uploads\/2025\/05\/David-Becher_upraveno-1-600x758.png 600w, https:\/\/zivykraj.cz\/wp-content\/uploads\/2025\/05\/David-Becher_upraveno-1-800x1011.png 800w, https:\/\/zivykraj.cz\/wp-content\/uploads\/2025\/05\/David-Becher_upraveno-1-1200x1517.png 1200w, https:\/\/zivykraj.cz\/wp-content\/uploads\/2025\/05\/David-Becher_upraveno-1.png 1600w\" sizes=\"(min-width: 2200px) 100vw, (min-width: 784px) 383px, (min-width: 712px) 575px, (min-width: 640px) 712px, \" \/><\/a><\/div><\/div><div style=\"padding:5px;\" class=\"fusion-grid-column fusion-gallery-column fusion-gallery-column-3 hover-type-none\"><div class=\"fusion-gallery-image\"><a rel=\"noreferrer\" data-rel=\"iLightbox[gallery_image_1]\" class=\"fusion-lightbox\" target=\"_self\"><img decoding=\"async\" src=\"\" width=\"\" height=\"\" alt=\"\" title=\"\" aria-label=\"\" class=\"img-responsive wp-image-0 fusion-gallery-image-size-fixed\"  \/><\/a><\/div><\/div><div class=\"clearfix\"><\/div><\/div><\/div><style type=\"text\/css\">.fusion-body .fusion-builder-column-1{width:100% !important;margin-top : 0px;margin-bottom : 0px;}.fusion-builder-column-1 > .fusion-column-wrapper {padding-top : 0px !important;padding-right : 0px !important;margin-right : 1.92%;padding-bottom : 0px !important;padding-left : 0px !important;margin-left : 1.92%;}@media only screen and (max-width:1024px) {.fusion-body .fusion-builder-column-1{width:100% !important;order : 0;}.fusion-builder-column-1 > .fusion-column-wrapper {margin-right : 1.92%;margin-left : 1.92%;}}@media only screen and (max-width:640px) {.fusion-body .fusion-builder-column-1{width:100% !important;order : 0;}.fusion-builder-column-1 > .fusion-column-wrapper {margin-right : 1.92%;margin-left : 1.92%;}}<\/style><\/div><div class=\"fusion-layout-column fusion_builder_column fusion-builder-column-2 fusion_builder_column_1_1 1_1 fusion-flex-column\"><div class=\"fusion-column-wrapper fusion-flex-justify-content-flex-start fusion-content-layout-column\" style=\"background-position:left top;background-repeat:no-repeat;-webkit-background-size:cover;-moz-background-size:cover;-o-background-size:cover;background-size:cover;padding: 0px 0px 0px 0px;\"><div class=\"fusion-text fusion-text-3\" style=\"margin-top:25px;\"><p>The year 2025 belongs not only to him, but also to you. Because you have a unique opportunity to look beneath the surface of the traditions that David Becher has shaped. Did you know that water is most effective at its source? That temperature, dose and timing matter? That spring salt has its exact composition and effects?<\/p>\n<p>The Becher family lived in Karlovy Vary since the 16th century and became one of the most respected families in the city. But David Becher went even further, because in the 18th century he fundamentally changed the approach to spa treatment. He scientifically described the chemistry of the local springs, promoted individual treatment and his approach led to the creation of colonnades, pavilions and the modern form of drinking cures. <strong>Thanks to him, you don&#8217;t just drink mineral water, you enter a well-thought-out healing ritual.<\/strong> And it&#8217;s not just about the body. Becher also believed in the power of culture and education. He supported the creation of the town&#8217;s theatre and school and left a mark that you can still feel at every turn.<\/p>\n<p><strong>Want to get to know Karlovy Vary in depth? Then now is the right time.<\/strong> The year of David Becher is not just a memory. It is an invitation to a personal experience, to understand the meaning of the spa and to take a new look at yourself.<\/p>\n<\/div><div ><span class=\" fusion-imageframe imageframe-none imageframe-2 hover-type-none\"><img decoding=\"async\" width=\"2560\" height=\"1707\" title=\"B-20\" src=\"https:\/\/zivykraj.cz\/wp-content\/uploads\/2025\/05\/B-20-scaled.jpg\" data-orig-src=\"https:\/\/zivykraj.cz\/wp-content\/uploads\/2025\/05\/B-20-scaled.jpg\" alt class=\"lazyload img-responsive wp-image-84673\" srcset=\"data:image\/svg+xml,%3Csvg%20xmlns%3D%27http%3A%2F%2Fwww.w3.org%2F2000%2Fsvg%27%20width%3D%272560%27%20height%3D%271707%27%20viewBox%3D%270%200%202560%201707%27%3E%3Crect%20width%3D%272560%27%20height%3D%271707%27%20fill-opacity%3D%220%22%2F%3E%3C%2Fsvg%3E\" data-srcset=\"https:\/\/zivykraj.cz\/wp-content\/uploads\/2025\/05\/B-20-200x133.jpg 200w, https:\/\/zivykraj.cz\/wp-content\/uploads\/2025\/05\/B-20-400x267.jpg 400w, https:\/\/zivykraj.cz\/wp-content\/uploads\/2025\/05\/B-20-600x400.jpg 600w, https:\/\/zivykraj.cz\/wp-content\/uploads\/2025\/05\/B-20-800x533.jpg 800w, https:\/\/zivykraj.cz\/wp-content\/uploads\/2025\/05\/B-20-1200x800.jpg 1200w, https:\/\/zivykraj.cz\/wp-content\/uploads\/2025\/05\/B-20-scaled.jpg 2560w\" data-sizes=\"auto\" data-orig-sizes=\"(max-width: 1024px) 100vw, (max-width: 640px) 100vw, 1200px\" \/><\/span><\/div><div class=\"fusion-text fusion-text-4\" style=\"margin-top:25px;\"><p><strong>Celebrations that connect the past with the present<\/strong><\/p>\n<p>This year in Karlovy Vary is <strong>in the spirit of celebration.<\/strong> Take a guided tour and get to know Carlsbad through the eyes of Dr. Becher himself. Take a seat under the colonnade and let yourself be carried away by the tones of Vivaldi in a unique light concert. Watch the new documentary Hippocrates of Karlovy Vary, filmed on location where Becher lived and worked. And in the autumn? You can look forward to a specialist conference dedicated to his legacy, a varied programme during the European Heritage Days and the closing ceremony of the springs. The full programme for this year&#8217;s celebrations, which is constantly being updated, can be found <a href=\"https:\/\/www.karlovyvary.cz\/cs\/varydegbecherovy\">here<\/a>.<\/p>\n<p>When you say goodbye to Karlovy Vary, don&#8217;t forget to take a piece of its spirit with you. For this special year, <strong>a limited edition souvenir<\/strong> has been created &#8211; an elegant blue drinking glass, bath salt with real springwort and a special edition of Becherovka with the Hippocrates of Karlovy Vary label. Each of these items carries a story. Just like your journey.<\/p>\n<\/div><div class=\"fusion-text fusion-text-5\" style=\"margin-top:25px;\"><p><strong>UNESCO Spa Heritage<\/strong><\/p>\n<p>Karlovy Vary is part of the prestigious UNESCO list as one of the most important <strong>\u201eGreat Spa Towns of Europe\u201c.<\/strong> And no wonder. Few other places combine a historic atmosphere with a modern approach to health as naturally as here. You can choose from tailor-made therapeutic and relaxation stays. Are you looking for peace, a fresh start or simply a slow down? Find inspiration for your stay on the <a href=\"https:\/\/laznezdravi.cz\/en\/?_gl=1%2A4wbi7e%2A_up%2AMQ..%2A_ga%2AMTY2Mjg2NzM4LjE3NDc5ODQ0MDM.%2A_ga_Y5N9QXETSK%2AczE3NDc5ODQ0MDIkbzEkZzAkdDE3NDc5ODQ0MDIkajAkbDAkaDU3OTI3NDk2NA..\">SpaHealth<\/a> website, where you can choose a package to suit your mood, needs and time.<\/p>\n<p>When you visit, don&#8217;t miss <strong>the Imperial Baths<\/strong> &#8211; a gem of spa architecture that has been transformed into a cultural and social centre after extensive renovation. It&#8217;s a place where you can literally breathe in history while enjoying exhibitions, concerts and film screenings.<\/p>\n<p>You climb a wide staircase, open a heavy door &#8211; and find yourself in a space where even silence has a solemn echo. The Imperial Baths shine again, offering a profound experience and a unique atmosphere. <strong>There are two tours to choose from.<\/strong> One takes you <strong>through the Imperial Baths<\/strong>, the other focuses on <strong>the Imperial Bathroom.<\/strong> The baths are also irregularly guided by the actor Viktor Braunreiter, who adds humorous observations to the historical interpretation and makes various historical contexts in a distinctive way. Tickets can be purchased at the box office or <a href=\"https:\/\/portal.colosseum.eu\/tours?mrsid=310&amp;lang=en-GB\">online<\/a>.<\/p>\n<p>And if you want to explore Karlovy Vary and its surroundings thoroughly, don&#8217;t forget to get <strong>the Karlovy VARY REGION CARD.<\/strong> The card will open the door to more than ninety attractive places throughout the Karlovy Vary Region &#8211; from museums and monuments to galleries and cultural events. Many of them can be visited for free or at a significant discount with the card. In addition, during its validity, you will receive a 50% discount on public transport in Karlovy Vary. You can choose a variant for 2, 4 or 7 days &#8211; for yourself or for the whole family. More information can be found on <a href=\"https:\/\/karlovyvarycard.cz\/en\">the card&#8217;s website<\/a>.<\/p>\n<\/div><div ><span class=\" fusion-imageframe imageframe-none imageframe-3 hover-type-none\"><img decoding=\"async\" width=\"2400\" height=\"1601\" title=\"2023_10_11 &#8211; C\u00edsa\u0159sk\u00e9 l\u00e1zn\u011b-@ales_vopat-s\u00edt\u011b-\" src=\"https:\/\/zivykraj.cz\/wp-content\/uploads\/2025\/05\/2023_10_11-Cisarske-lazne-@ales_vopat-site-.jpg\" data-orig-src=\"https:\/\/zivykraj.cz\/wp-content\/uploads\/2025\/05\/2023_10_11-Cisarske-lazne-@ales_vopat-site-.jpg\" alt class=\"lazyload img-responsive wp-image-84681\" srcset=\"data:image\/svg+xml,%3Csvg%20xmlns%3D%27http%3A%2F%2Fwww.w3.org%2F2000%2Fsvg%27%20width%3D%272400%27%20height%3D%271601%27%20viewBox%3D%270%200%202400%201601%27%3E%3Crect%20width%3D%272400%27%20height%3D%271601%27%20fill-opacity%3D%220%22%2F%3E%3C%2Fsvg%3E\" data-srcset=\"https:\/\/zivykraj.cz\/wp-content\/uploads\/2025\/05\/2023_10_11-Cisarske-lazne-@ales_vopat-site--200x133.jpg 200w, https:\/\/zivykraj.cz\/wp-content\/uploads\/2025\/05\/2023_10_11-Cisarske-lazne-@ales_vopat-site--400x267.jpg 400w, https:\/\/zivykraj.cz\/wp-content\/uploads\/2025\/05\/2023_10_11-Cisarske-lazne-@ales_vopat-site--600x400.jpg 600w, https:\/\/zivykraj.cz\/wp-content\/uploads\/2025\/05\/2023_10_11-Cisarske-lazne-@ales_vopat-site--800x534.jpg 800w, https:\/\/zivykraj.cz\/wp-content\/uploads\/2025\/05\/2023_10_11-Cisarske-lazne-@ales_vopat-site--1200x801.jpg 1200w, https:\/\/zivykraj.cz\/wp-content\/uploads\/2025\/05\/2023_10_11-Cisarske-lazne-@ales_vopat-site-.jpg 2400w\" data-sizes=\"auto\" data-orig-sizes=\"(max-width: 1024px) 100vw, (max-width: 640px) 100vw, 1200px\" \/><\/span><\/div><\/div><style type=\"text\/css\">.fusion-body .fusion-builder-column-2{width:100% !important;margin-top : 0px;margin-bottom : 0px;}.fusion-builder-column-2 > .fusion-column-wrapper {padding-top : 0px !important;padding-right : 0px !important;margin-right : 1.92%;padding-bottom : 0px !important;padding-left : 0px !important;margin-left : 1.92%;}@media only screen and (max-width:1024px) {.fusion-body .fusion-builder-column-2{width:100% !important;order : 0;}.fusion-builder-column-2 > .fusion-column-wrapper {margin-right : 1.92%;margin-left : 1.92%;}}@media only screen and (max-width:640px) {.fusion-body .fusion-builder-column-2{width:100% !important;order : 0;}.fusion-builder-column-2 > .fusion-column-wrapper {margin-right : 1.92%;margin-left : 1.92%;}}<\/style><\/div><div class=\"fusion-layout-column fusion_builder_column fusion-builder-column-3 fusion_builder_column_1_1 1_1 fusion-flex-column\"><div class=\"fusion-column-wrapper fusion-flex-justify-content-flex-start fusion-content-layout-column\" style=\"background-position:left top;background-repeat:no-repeat;-webkit-background-size:cover;-moz-background-size:cover;-o-background-size:cover;background-size:cover;padding: 0px 0px 0px 0px;\"><div class=\"fusion-text fusion-text-6\" style=\"margin-top:25px;\"><div class=\"single-post-content clearfix\">\n<p><strong>Karlovy Vary is not a backdrop. They are emotions&#8230;<\/strong><\/p>\n<\/div>\n<p>Maybe you&#8217;ve been to a spa before. But this year is different. The year 2025 transforms Karlovy Vary into a space where not only history and the present are connected &#8211; but also body and soul, silence and music, water and story. The UNESCO-listed spa landscape will embrace you unobtrusively and with respect. It leaves it up to you whether to soak in the hot springs, head to the gallery or just sit on a bench and let the moment pass.<\/p>\n<p>This year isn&#8217;t just a commemoration of one personality. It is an invitation. To experience Carlsbad differently. More deeply. More consciously. And above all, to the fullest.<\/p>\n<\/div><div ><span class=\" fusion-imageframe imageframe-none imageframe-4 hover-type-none\"><img decoding=\"async\" width=\"1033\" height=\"695\" title=\"Sn\u00edmek obrazovky 2025-05-21 134211\" src=\"https:\/\/zivykraj.cz\/wp-content\/uploads\/2025\/05\/Snimek-obrazovky-2025-05-21-134211.jpg\" data-orig-src=\"https:\/\/zivykraj.cz\/wp-content\/uploads\/2025\/05\/Snimek-obrazovky-2025-05-21-134211.jpg\" alt class=\"lazyload img-responsive wp-image-84687\" srcset=\"data:image\/svg+xml,%3Csvg%20xmlns%3D%27http%3A%2F%2Fwww.w3.org%2F2000%2Fsvg%27%20width%3D%271033%27%20height%3D%27695%27%20viewBox%3D%270%200%201033%20695%27%3E%3Crect%20width%3D%271033%27%20height%3D%27695%27%20fill-opacity%3D%220%22%2F%3E%3C%2Fsvg%3E\" data-srcset=\"https:\/\/zivykraj.cz\/wp-content\/uploads\/2025\/05\/Snimek-obrazovky-2025-05-21-134211-200x135.jpg 200w, https:\/\/zivykraj.cz\/wp-content\/uploads\/2025\/05\/Snimek-obrazovky-2025-05-21-134211-400x269.jpg 400w, https:\/\/zivykraj.cz\/wp-content\/uploads\/2025\/05\/Snimek-obrazovky-2025-05-21-134211-600x404.jpg 600w, https:\/\/zivykraj.cz\/wp-content\/uploads\/2025\/05\/Snimek-obrazovky-2025-05-21-134211-800x538.jpg 800w, https:\/\/zivykraj.cz\/wp-content\/uploads\/2025\/05\/Snimek-obrazovky-2025-05-21-134211.jpg 1033w\" data-sizes=\"auto\" data-orig-sizes=\"(max-width: 1024px) 100vw, (max-width: 640px) 100vw, 1033px\" \/><\/span><\/div><\/div><style type=\"text\/css\">.fusion-body .fusion-builder-column-3{width:100% !important;margin-top : 0px;margin-bottom : 0px;}.fusion-builder-column-3 > .fusion-column-wrapper {padding-top : 0px !important;padding-right : 0px !important;margin-right : 1.92%;padding-bottom : 0px !important;padding-left : 0px !important;margin-left : 1.92%;}@media only screen and (max-width:1024px) {.fusion-body .fusion-builder-column-3{width:100% !important;order : 0;}.fusion-builder-column-3 > .fusion-column-wrapper {margin-right : 1.92%;margin-left : 1.92%;}}@media only screen and (max-width:640px) {.fusion-body .fusion-builder-column-3{width:100% !important;order : 0;}.fusion-builder-column-3 > .fusion-column-wrapper {margin-right : 1.92%;margin-left : 1.92%;}}<\/style><\/div><\/div><style type=\"text\/css\">.fusion-body .fusion-flex-container.fusion-builder-row-1{ padding-top : 0px;margin-top : 0px;padding-right : 0px;padding-bottom : 0px;margin-bottom : 0px;padding-left : 0px;}<\/style><\/div>\n","protected":false},"excerpt":{"rendered":"<p>The silence of the colonnades, the steam rising from a cup of spring water, the refinement of the imperial halls and the tones of an open-air concert&#8230; More than just beautiful scenery awaits you in Karlovy Vary this year &#8211; a story that goes deep into history is unfolding. The year 2025 is dedicated to Dr. David Becher. The man who gave the spa industry a new direction and gave the city its unique rhythm. And now is your chance to experience the tradition that makes every visit a special experience!<\/p>\n","protected":false},"author":1,"featured_media":84647,"comment_status":"open","ping_status":"open","sticky":false,"template":"","format":"standard","meta":{"_acf_changed":false,"inline_featured_image":false,"footnotes":""},"categories":[533,531,819,529,534,837,852,838],"tags":[595,543,823],"acf":[],"yoast_head":"<!-- This site is optimized with the Yoast SEO plugin v22.3 - https:\/\/yoast.com\/wordpress\/plugins\/seo\/ -->\n<title>The Year of David Becher: Experience Karlovy Vary differently | \u017divyKraj.cz<\/title>\n<meta name=\"description\" content=\"Po zimn\u00ed pauze je n\u00e1\u0161 cyklistick\u00fd seri\u00e1l zp\u011bt \u2013 a hned v\u00e1s zve do sedla! P\u0159edstavte si, \u017ee \u0161lapete klidnou cestou lemovanou hust\u00fdmi lesy, m\u00edj\u00edte tich\u00e9 l\u00e1ze\u0148sk\u00e9 parky i tajemn\u00e1 ra\u0161elini\u0161t\u011b, d\u00fdch\u00e1te \u010derstv\u00fd vzduch a m\u00e1te \u010das jen pro sebe, pro sv\u00e9 my\u0161lenky, nebo pro radost d\u011bt\u00ed, kter\u00e9 v\u00e1s nad\u0161en\u011b p\u0159edj\u00ed\u017ed\u011bj\u00ed. P\u0159esn\u011b takov\u00e9 chv\u00edle v\u00e1m nab\u00edz\u00ed cykloregion \u010cesko-bavorsk\u00e9 l\u00e1zn\u011b.\" \/>\n<meta name=\"robots\" content=\"index, follow, max-snippet:-1, max-image-preview:large, max-video-preview:-1\" \/>\n<link rel=\"canonical\" href=\"https:\/\/zivykraj.cz\/en\/zajimave-vylety-en\/rok-davida-bechera-zazijte-karlovy-vary-jinak\/\" \/>\n<meta property=\"og:locale\" content=\"en_US\" \/>\n<meta property=\"og:type\" content=\"article\" \/>\n<meta property=\"og:title\" content=\"The Year of David Becher: Experience Karlovy Vary differently | \u017divyKraj.cz\" \/>\n<meta property=\"og:description\" content=\"Po zimn\u00ed pauze je n\u00e1\u0161 cyklistick\u00fd seri\u00e1l zp\u011bt \u2013 a hned v\u00e1s zve do sedla! P\u0159edstavte si, \u017ee \u0161lapete klidnou cestou lemovanou hust\u00fdmi lesy, m\u00edj\u00edte tich\u00e9 l\u00e1ze\u0148sk\u00e9 parky i tajemn\u00e1 ra\u0161elini\u0161t\u011b, d\u00fdch\u00e1te \u010derstv\u00fd vzduch a m\u00e1te \u010das jen pro sebe, pro sv\u00e9 my\u0161lenky, nebo pro radost d\u011bt\u00ed, kter\u00e9 v\u00e1s nad\u0161en\u011b p\u0159edj\u00ed\u017ed\u011bj\u00ed. P\u0159esn\u011b takov\u00e9 chv\u00edle v\u00e1m nab\u00edz\u00ed cykloregion \u010cesko-bavorsk\u00e9 l\u00e1zn\u011b.\" \/>\n<meta property=\"og:url\" content=\"https:\/\/zivykraj.cz\/en\/zajimave-vylety-en\/rok-davida-bechera-zazijte-karlovy-vary-jinak\/\" \/>\n<meta property=\"og:site_name\" content=\"\u017divyKraj.cz\" \/>\n<meta property=\"article:published_time\" content=\"2025-05-23T07:06:24+00:00\" \/>\n<meta property=\"article:modified_time\" content=\"2025-05-23T07:46:39+00:00\" \/>\n<meta property=\"og:image\" content=\"https:\/\/zivykraj.cz\/wp-content\/uploads\/2025\/05\/Rozkvetle-Karlovy-Vary-Vlada_Surmaj-1024x683.jpg\" \/>\n\t<meta property=\"og:image:width\" content=\"1024\" \/>\n\t<meta property=\"og:image:height\" content=\"683\" \/>\n\t<meta property=\"og:image:type\" content=\"image\/jpeg\" \/>\n<meta name=\"author\" content=\"admin\" \/>\n<meta name=\"twitter:card\" content=\"summary_large_image\" \/>\n<meta name=\"twitter:label1\" content=\"Written by\" \/>\n\t<meta name=\"twitter:data1\" content=\"admin\" \/>\n\t<meta name=\"twitter:label2\" content=\"Est. reading time\" \/>\n\t<meta name=\"twitter:data2\" content=\"12 minutes\" \/>\n<script type=\"application\/ld+json\" class=\"yoast-schema-graph\">{\"@context\":\"https:\/\/schema.org\",\"@graph\":[{\"@type\":\"Article\",\"@id\":\"https:\/\/zivykraj.cz\/en\/zajimave-vylety-en\/rok-davida-bechera-zazijte-karlovy-vary-jinak\/#article\",\"isPartOf\":{\"@id\":\"https:\/\/zivykraj.cz\/en\/zajimave-vylety-en\/rok-davida-bechera-zazijte-karlovy-vary-jinak\/\"},\"author\":{\"name\":\"admin\",\"@id\":\"https:\/\/zivykraj.cz\/en\/#\/schema\/person\/ab1f0ec064fefb752cd2d8e4a0c6acc8\"},\"headline\":\"The Year of David Becher: Experience Karlovy Vary differently\",\"datePublished\":\"2025-05-23T07:06:24+00:00\",\"dateModified\":\"2025-05-23T07:46:39+00:00\",\"mainEntityOfPage\":{\"@id\":\"https:\/\/zivykraj.cz\/en\/zajimave-vylety-en\/rok-davida-bechera-zazijte-karlovy-vary-jinak\/\"},\"wordCount\":3904,\"commentCount\":0,\"publisher\":{\"@id\":\"https:\/\/zivykraj.cz\/en\/#organization\"},\"image\":{\"@id\":\"https:\/\/zivykraj.cz\/en\/zajimave-vylety-en\/rok-davida-bechera-zazijte-karlovy-vary-jinak\/#primaryimage\"},\"thumbnailUrl\":\"https:\/\/zivykraj.cz\/wp-content\/uploads\/2025\/05\/Rozkvetle-Karlovy-Vary-Vlada_Surmaj.jpg\",\"keywords\":[\"Activities\",\"Cycling\",\"Karlovy Vary\"],\"articleSection\":[\"Activities\",\"Interesting tours\",\"Sport\",\"Sport\",\"Tips\",\"Tipy\",\"Toulky Karlovarsk\u00fdm krajem\",\"Zaj\u00edmav\u00e9 v\u00fdlety\"],\"inLanguage\":\"en-US\",\"potentialAction\":[{\"@type\":\"CommentAction\",\"name\":\"Comment\",\"target\":[\"https:\/\/zivykraj.cz\/en\/zajimave-vylety-en\/rok-davida-bechera-zazijte-karlovy-vary-jinak\/#respond\"]}]},{\"@type\":\"WebPage\",\"@id\":\"https:\/\/zivykraj.cz\/en\/zajimave-vylety-en\/rok-davida-bechera-zazijte-karlovy-vary-jinak\/\",\"url\":\"https:\/\/zivykraj.cz\/en\/zajimave-vylety-en\/rok-davida-bechera-zazijte-karlovy-vary-jinak\/\",\"name\":\"The Year of David Becher: Experience Karlovy Vary differently | \u017divyKraj.cz\",\"isPartOf\":{\"@id\":\"https:\/\/zivykraj.cz\/en\/#website\"},\"primaryImageOfPage\":{\"@id\":\"https:\/\/zivykraj.cz\/en\/zajimave-vylety-en\/rok-davida-bechera-zazijte-karlovy-vary-jinak\/#primaryimage\"},\"image\":{\"@id\":\"https:\/\/zivykraj.cz\/en\/zajimave-vylety-en\/rok-davida-bechera-zazijte-karlovy-vary-jinak\/#primaryimage\"},\"thumbnailUrl\":\"https:\/\/zivykraj.cz\/wp-content\/uploads\/2025\/05\/Rozkvetle-Karlovy-Vary-Vlada_Surmaj.jpg\",\"datePublished\":\"2025-05-23T07:06:24+00:00\",\"dateModified\":\"2025-05-23T07:46:39+00:00\",\"description\":\"Po zimn\u00ed pauze je n\u00e1\u0161 cyklistick\u00fd seri\u00e1l zp\u011bt \u2013 a hned v\u00e1s zve do sedla! P\u0159edstavte si, \u017ee \u0161lapete klidnou cestou lemovanou hust\u00fdmi lesy, m\u00edj\u00edte tich\u00e9 l\u00e1ze\u0148sk\u00e9 parky i tajemn\u00e1 ra\u0161elini\u0161t\u011b, d\u00fdch\u00e1te \u010derstv\u00fd vzduch a m\u00e1te \u010das jen pro sebe, pro sv\u00e9 my\u0161lenky, nebo pro radost d\u011bt\u00ed, kter\u00e9 v\u00e1s nad\u0161en\u011b p\u0159edj\u00ed\u017ed\u011bj\u00ed. P\u0159esn\u011b takov\u00e9 chv\u00edle v\u00e1m nab\u00edz\u00ed cykloregion \u010cesko-bavorsk\u00e9 l\u00e1zn\u011b.\",\"breadcrumb\":{\"@id\":\"https:\/\/zivykraj.cz\/en\/zajimave-vylety-en\/rok-davida-bechera-zazijte-karlovy-vary-jinak\/#breadcrumb\"},\"inLanguage\":\"en-US\",\"potentialAction\":[{\"@type\":\"ReadAction\",\"target\":[\"https:\/\/zivykraj.cz\/en\/zajimave-vylety-en\/rok-davida-bechera-zazijte-karlovy-vary-jinak\/\"]}]},{\"@type\":\"ImageObject\",\"inLanguage\":\"en-US\",\"@id\":\"https:\/\/zivykraj.cz\/en\/zajimave-vylety-en\/rok-davida-bechera-zazijte-karlovy-vary-jinak\/#primaryimage\",\"url\":\"https:\/\/zivykraj.cz\/wp-content\/uploads\/2025\/05\/Rozkvetle-Karlovy-Vary-Vlada_Surmaj.jpg\",\"contentUrl\":\"https:\/\/zivykraj.cz\/wp-content\/uploads\/2025\/05\/Rozkvetle-Karlovy-Vary-Vlada_Surmaj.jpg\",\"width\":2120,\"height\":1414},{\"@type\":\"BreadcrumbList\",\"@id\":\"https:\/\/zivykraj.cz\/en\/zajimave-vylety-en\/rok-davida-bechera-zazijte-karlovy-vary-jinak\/#breadcrumb\",\"itemListElement\":[{\"@type\":\"ListItem\",\"position\":1,\"name\":\"Home\",\"item\":\"https:\/\/zivykraj.cz\/en\/\"},{\"@type\":\"ListItem\",\"position\":2,\"name\":\"The Year of David Becher: Experience Karlovy Vary differently\"}]},{\"@type\":\"WebSite\",\"@id\":\"https:\/\/zivykraj.cz\/en\/#website\",\"url\":\"https:\/\/zivykraj.cz\/en\/\",\"name\":\"\u017divyKraj.cz\",\"description\":\"Turistick\u00fd web - Karlovarsk\u00fd kraj\",\"publisher\":{\"@id\":\"https:\/\/zivykraj.cz\/en\/#organization\"},\"potentialAction\":[{\"@type\":\"SearchAction\",\"target\":{\"@type\":\"EntryPoint\",\"urlTemplate\":\"https:\/\/zivykraj.cz\/en\/?s={search_term_string}\"},\"query-input\":\"required name=search_term_string\"}],\"inLanguage\":\"en-US\"},{\"@type\":\"Organization\",\"@id\":\"https:\/\/zivykraj.cz\/en\/#organization\",\"name\":\"\u017divyKraj.cz\",\"url\":\"https:\/\/zivykraj.cz\/en\/\",\"logo\":{\"@type\":\"ImageObject\",\"inLanguage\":\"en-US\",\"@id\":\"https:\/\/zivykraj.cz\/en\/#\/schema\/logo\/image\/\",\"url\":\"https:\/\/zivykraj.cz\/wp-content\/uploads\/2021\/08\/logo_white.png\",\"contentUrl\":\"https:\/\/zivykraj.cz\/wp-content\/uploads\/2021\/08\/logo_white.png\",\"width\":223,\"height\":59,\"caption\":\"\u017divyKraj.cz\"},\"image\":{\"@id\":\"https:\/\/zivykraj.cz\/en\/#\/schema\/logo\/image\/\"}},{\"@type\":\"Person\",\"@id\":\"https:\/\/zivykraj.cz\/en\/#\/schema\/person\/ab1f0ec064fefb752cd2d8e4a0c6acc8\",\"name\":\"admin\",\"image\":{\"@type\":\"ImageObject\",\"inLanguage\":\"en-US\",\"@id\":\"https:\/\/zivykraj.cz\/en\/#\/schema\/person\/image\/\",\"url\":\"https:\/\/secure.gravatar.com\/avatar\/031436a0962827c8c44a070d61f216c5?s=96&d=mm&r=g\",\"contentUrl\":\"https:\/\/secure.gravatar.com\/avatar\/031436a0962827c8c44a070d61f216c5?s=96&d=mm&r=g\",\"caption\":\"admin\"},\"url\":\"https:\/\/zivykraj.cz\/en\/author\/admin\/\"}]}<\/script>\n<!-- \/ Yoast SEO plugin. -->","yoast_head_json":{"title":"The Year of David Becher: Experience Karlovy Vary differently | \u017divyKraj.cz","description":"Po zimn\u00ed pauze je n\u00e1\u0161 cyklistick\u00fd seri\u00e1l zp\u011bt \u2013 a hned v\u00e1s zve do sedla! P\u0159edstavte si, \u017ee \u0161lapete klidnou cestou lemovanou hust\u00fdmi lesy, m\u00edj\u00edte tich\u00e9 l\u00e1ze\u0148sk\u00e9 parky i tajemn\u00e1 ra\u0161elini\u0161t\u011b, d\u00fdch\u00e1te \u010derstv\u00fd vzduch a m\u00e1te \u010das jen pro sebe, pro sv\u00e9 my\u0161lenky, nebo pro radost d\u011bt\u00ed, kter\u00e9 v\u00e1s nad\u0161en\u011b p\u0159edj\u00ed\u017ed\u011bj\u00ed. P\u0159esn\u011b takov\u00e9 chv\u00edle v\u00e1m nab\u00edz\u00ed cykloregion \u010cesko-bavorsk\u00e9 l\u00e1zn\u011b.","robots":{"index":"index","follow":"follow","max-snippet":"max-snippet:-1","max-image-preview":"max-image-preview:large","max-video-preview":"max-video-preview:-1"},"canonical":"https:\/\/zivykraj.cz\/en\/zajimave-vylety-en\/rok-davida-bechera-zazijte-karlovy-vary-jinak\/","og_locale":"en_US","og_type":"article","og_title":"The Year of David Becher: Experience Karlovy Vary differently | \u017divyKraj.cz","og_description":"Po zimn\u00ed pauze je n\u00e1\u0161 cyklistick\u00fd seri\u00e1l zp\u011bt \u2013 a hned v\u00e1s zve do sedla! P\u0159edstavte si, \u017ee \u0161lapete klidnou cestou lemovanou hust\u00fdmi lesy, m\u00edj\u00edte tich\u00e9 l\u00e1ze\u0148sk\u00e9 parky i tajemn\u00e1 ra\u0161elini\u0161t\u011b, d\u00fdch\u00e1te \u010derstv\u00fd vzduch a m\u00e1te \u010das jen pro sebe, pro sv\u00e9 my\u0161lenky, nebo pro radost d\u011bt\u00ed, kter\u00e9 v\u00e1s nad\u0161en\u011b p\u0159edj\u00ed\u017ed\u011bj\u00ed. P\u0159esn\u011b takov\u00e9 chv\u00edle v\u00e1m nab\u00edz\u00ed cykloregion \u010cesko-bavorsk\u00e9 l\u00e1zn\u011b.","og_url":"https:\/\/zivykraj.cz\/en\/zajimave-vylety-en\/rok-davida-bechera-zazijte-karlovy-vary-jinak\/","og_site_name":"\u017divyKraj.cz","article_published_time":"2025-05-23T07:06:24+00:00","article_modified_time":"2025-05-23T07:46:39+00:00","og_image":[{"width":1024,"height":683,"url":"https:\/\/zivykraj.cz\/wp-content\/uploads\/2025\/05\/Rozkvetle-Karlovy-Vary-Vlada_Surmaj-1024x683.jpg","type":"image\/jpeg"}],"author":"admin","twitter_card":"summary_large_image","twitter_misc":{"Written by":"admin","Est. reading time":"12 minutes"},"schema":{"@context":"https:\/\/schema.org","@graph":[{"@type":"Article","@id":"https:\/\/zivykraj.cz\/en\/zajimave-vylety-en\/rok-davida-bechera-zazijte-karlovy-vary-jinak\/#article","isPartOf":{"@id":"https:\/\/zivykraj.cz\/en\/zajimave-vylety-en\/rok-davida-bechera-zazijte-karlovy-vary-jinak\/"},"author":{"name":"admin","@id":"https:\/\/zivykraj.cz\/en\/#\/schema\/person\/ab1f0ec064fefb752cd2d8e4a0c6acc8"},"headline":"The Year of David Becher: Experience Karlovy Vary differently","datePublished":"2025-05-23T07:06:24+00:00","dateModified":"2025-05-23T07:46:39+00:00","mainEntityOfPage":{"@id":"https:\/\/zivykraj.cz\/en\/zajimave-vylety-en\/rok-davida-bechera-zazijte-karlovy-vary-jinak\/"},"wordCount":3904,"commentCount":0,"publisher":{"@id":"https:\/\/zivykraj.cz\/en\/#organization"},"image":{"@id":"https:\/\/zivykraj.cz\/en\/zajimave-vylety-en\/rok-davida-bechera-zazijte-karlovy-vary-jinak\/#primaryimage"},"thumbnailUrl":"https:\/\/zivykraj.cz\/wp-content\/uploads\/2025\/05\/Rozkvetle-Karlovy-Vary-Vlada_Surmaj.jpg","keywords":["Activities","Cycling","Karlovy Vary"],"articleSection":["Activities","Interesting tours","Sport","Sport","Tips","Tipy","Toulky Karlovarsk\u00fdm krajem","Zaj\u00edmav\u00e9 v\u00fdlety"],"inLanguage":"en-US","potentialAction":[{"@type":"CommentAction","name":"Comment","target":["https:\/\/zivykraj.cz\/en\/zajimave-vylety-en\/rok-davida-bechera-zazijte-karlovy-vary-jinak\/#respond"]}]},{"@type":"WebPage","@id":"https:\/\/zivykraj.cz\/en\/zajimave-vylety-en\/rok-davida-bechera-zazijte-karlovy-vary-jinak\/","url":"https:\/\/zivykraj.cz\/en\/zajimave-vylety-en\/rok-davida-bechera-zazijte-karlovy-vary-jinak\/","name":"The Year of David Becher: Experience Karlovy Vary differently | \u017divyKraj.cz","isPartOf":{"@id":"https:\/\/zivykraj.cz\/en\/#website"},"primaryImageOfPage":{"@id":"https:\/\/zivykraj.cz\/en\/zajimave-vylety-en\/rok-davida-bechera-zazijte-karlovy-vary-jinak\/#primaryimage"},"image":{"@id":"https:\/\/zivykraj.cz\/en\/zajimave-vylety-en\/rok-davida-bechera-zazijte-karlovy-vary-jinak\/#primaryimage"},"thumbnailUrl":"https:\/\/zivykraj.cz\/wp-content\/uploads\/2025\/05\/Rozkvetle-Karlovy-Vary-Vlada_Surmaj.jpg","datePublished":"2025-05-23T07:06:24+00:00","dateModified":"2025-05-23T07:46:39+00:00","description":"Po zimn\u00ed pauze je n\u00e1\u0161 cyklistick\u00fd seri\u00e1l zp\u011bt \u2013 a hned v\u00e1s zve do sedla! P\u0159edstavte si, \u017ee \u0161lapete klidnou cestou lemovanou hust\u00fdmi lesy, m\u00edj\u00edte tich\u00e9 l\u00e1ze\u0148sk\u00e9 parky i tajemn\u00e1 ra\u0161elini\u0161t\u011b, d\u00fdch\u00e1te \u010derstv\u00fd vzduch a m\u00e1te \u010das jen pro sebe, pro sv\u00e9 my\u0161lenky, nebo pro radost d\u011bt\u00ed, kter\u00e9 v\u00e1s nad\u0161en\u011b p\u0159edj\u00ed\u017ed\u011bj\u00ed. P\u0159esn\u011b takov\u00e9 chv\u00edle v\u00e1m nab\u00edz\u00ed cykloregion \u010cesko-bavorsk\u00e9 l\u00e1zn\u011b.","breadcrumb":{"@id":"https:\/\/zivykraj.cz\/en\/zajimave-vylety-en\/rok-davida-bechera-zazijte-karlovy-vary-jinak\/#breadcrumb"},"inLanguage":"en-US","potentialAction":[{"@type":"ReadAction","target":["https:\/\/zivykraj.cz\/en\/zajimave-vylety-en\/rok-davida-bechera-zazijte-karlovy-vary-jinak\/"]}]},{"@type":"ImageObject","inLanguage":"en-US","@id":"https:\/\/zivykraj.cz\/en\/zajimave-vylety-en\/rok-davida-bechera-zazijte-karlovy-vary-jinak\/#primaryimage","url":"https:\/\/zivykraj.cz\/wp-content\/uploads\/2025\/05\/Rozkvetle-Karlovy-Vary-Vlada_Surmaj.jpg","contentUrl":"https:\/\/zivykraj.cz\/wp-content\/uploads\/2025\/05\/Rozkvetle-Karlovy-Vary-Vlada_Surmaj.jpg","width":2120,"height":1414},{"@type":"BreadcrumbList","@id":"https:\/\/zivykraj.cz\/en\/zajimave-vylety-en\/rok-davida-bechera-zazijte-karlovy-vary-jinak\/#breadcrumb","itemListElement":[{"@type":"ListItem","position":1,"name":"Home","item":"https:\/\/zivykraj.cz\/en\/"},{"@type":"ListItem","position":2,"name":"The Year of David Becher: Experience Karlovy Vary differently"}]},{"@type":"WebSite","@id":"https:\/\/zivykraj.cz\/en\/#website","url":"https:\/\/zivykraj.cz\/en\/","name":"\u017divyKraj.cz","description":"Turistick\u00fd web - Karlovarsk\u00fd kraj","publisher":{"@id":"https:\/\/zivykraj.cz\/en\/#organization"},"potentialAction":[{"@type":"SearchAction","target":{"@type":"EntryPoint","urlTemplate":"https:\/\/zivykraj.cz\/en\/?s={search_term_string}"},"query-input":"required name=search_term_string"}],"inLanguage":"en-US"},{"@type":"Organization","@id":"https:\/\/zivykraj.cz\/en\/#organization","name":"\u017divyKraj.cz","url":"https:\/\/zivykraj.cz\/en\/","logo":{"@type":"ImageObject","inLanguage":"en-US","@id":"https:\/\/zivykraj.cz\/en\/#\/schema\/logo\/image\/","url":"https:\/\/zivykraj.cz\/wp-content\/uploads\/2021\/08\/logo_white.png","contentUrl":"https:\/\/zivykraj.cz\/wp-content\/uploads\/2021\/08\/logo_white.png","width":223,"height":59,"caption":"\u017divyKraj.cz"},"image":{"@id":"https:\/\/zivykraj.cz\/en\/#\/schema\/logo\/image\/"}},{"@type":"Person","@id":"https:\/\/zivykraj.cz\/en\/#\/schema\/person\/ab1f0ec064fefb752cd2d8e4a0c6acc8","name":"admin","image":{"@type":"ImageObject","inLanguage":"en-US","@id":"https:\/\/zivykraj.cz\/en\/#\/schema\/person\/image\/","url":"https:\/\/secure.gravatar.com\/avatar\/031436a0962827c8c44a070d61f216c5?s=96&d=mm&r=g","contentUrl":"https:\/\/secure.gravatar.com\/avatar\/031436a0962827c8c44a070d61f216c5?s=96&d=mm&r=g","caption":"admin"},"url":"https:\/\/zivykraj.cz\/en\/author\/admin\/"}]}},"_links":{"self":[{"href":"https:\/\/zivykraj.cz\/en\/wp-json\/wp\/v2\/posts\/84787"}],"collection":[{"href":"https:\/\/zivykraj.cz\/en\/wp-json\/wp\/v2\/posts"}],"about":[{"href":"https:\/\/zivykraj.cz\/en\/wp-json\/wp\/v2\/types\/post"}],"author":[{"embeddable":true,"href":"https:\/\/zivykraj.cz\/en\/wp-json\/wp\/v2\/users\/1"}],"replies":[{"embeddable":true,"href":"https:\/\/zivykraj.cz\/en\/wp-json\/wp\/v2\/comments?post=84787"}],"version-history":[{"count":6,"href":"https:\/\/zivykraj.cz\/en\/wp-json\/wp\/v2\/posts\/84787\/revisions"}],"predecessor-version":[{"id":84793,"href":"https:\/\/zivykraj.cz\/en\/wp-json\/wp\/v2\/posts\/84787\/revisions\/84793"}],"wp:featuredmedia":[{"embeddable":true,"href":"https:\/\/zivykraj.cz\/en\/wp-json\/wp\/v2\/media\/84647"}],"wp:attachment":[{"href":"https:\/\/zivykraj.cz\/en\/wp-json\/wp\/v2\/media?parent=84787"}],"wp:term":[{"taxonomy":"category","embeddable":true,"href":"https:\/\/zivykraj.cz\/en\/wp-json\/wp\/v2\/categories?post=84787"},{"taxonomy":"post_tag","embeddable":true,"href":"https:\/\/zivykraj.cz\/en\/wp-json\/wp\/v2\/tags?post=84787"}],"curies":[{"name":"wp","href":"https:\/\/api.w.org\/{rel}","templated":true}]}}